{"id":7048,"date":"2025-07-29T16:39:09","date_gmt":"2025-07-29T15:39:09","guid":{"rendered":"https:\/\/www.ecletismomusical.pt\/?p=7048"},"modified":"2025-07-29T16:39:15","modified_gmt":"2025-07-29T15:39:15","slug":"all-together-live-tim","status":"publish","type":"post","link":"https:\/\/www.ecletismomusical.pt\/en\/all-together-live-tim\/","title":{"rendered":"[All Together Live] Tim"},"content":{"rendered":"<p>Num cen\u00e1rio onde a m\u00fasica ganha corpo coletivo e onde a uni\u00e3o se sobrep\u00f5e ao protagonismo, a edi\u00e7\u00e3o de 2025 do <a href=\"https:\/\/www.instagram.com\/academiadeguitarra.mt\/\">All Together Live<\/a> reuniu novamente centenas de m\u00fasicos (profissionais e de diversas escolas de m\u00fasica espalhadas pelo pa\u00eds) num s\u00f3 palco e, desta vez com <a href=\"https:\/\/www.instagram.com\/tim_dos_xutos\/\">Tim<\/a>, vocalista dos <a href=\"https:\/\/www.instagram.com\/xutos\/\">Xutos &amp; Pontap\u00e9s<\/a>, como figura central a dar voz a tr\u00eas dos cl\u00e1ssicos da m\u00edtica banda.<\/p>\n\n\n\n<div class=\"wp-block-embed__wrapper\">\n<iframe width=\"900\" height=\"506\" src=\"https:\/\/www.youtube.com\/embed\/Gf_I9TmY8dI?feature=oembed\" frameborder=\"0\" allowfullscreen><\/iframe>\n<\/div>\n\n\n\n<p>Gravado nos Jardins do Pal\u00e1cio Marqu\u00eas de Pombal, o v\u00eddeo revela um momento que transcende o espet\u00e1culo musical: \u00e9 uma celebra\u00e7\u00e3o de comunidade, de perten\u00e7a, de amor \u00e0 m\u00fasica feita em conjunto. Rodeado por guitarras, sopros, coros, percuss\u00e3o e dezenas de rostos c\u00famplices a m\u00fasica celebra.<\/p>\n\n\n\n<p>H\u00e1 algo de profundamente emocional em ver cl\u00e1ssicos t\u00e3o enraizados na mem\u00f3ria coletiva serem partilhadas por vozes, instrumentos, gera\u00e7\u00f5es t\u00e3o diferentes, tantas, e ao mesmo tempo t\u00e3o pr\u00f3ximas. <\/p>","protected":false},"excerpt":{"rendered":"<p>Num cen\u00e1rio onde a m\u00fasica ganha corpo coletivo e onde a uni\u00e3o se sobrep\u00f5e ao protagonismo, a edi\u00e7\u00e3o de 2025 do All Together Live reuniu novamente centenas de m\u00fasicos (profissionais e de diversas escolas de m\u00fasica espalhadas pelo pa\u00eds) num s\u00f3 palco e, desta vez com Tim, vocalista dos Xutos &amp; Pontap\u00e9s, como figura central<\/p>","protected":false},"author":1,"featured_media":7050,"comment_status":"open","ping_status":"open","sticky":false,"template":"","format":"standard","meta":[],"categories":[1,175,483],"tags":[1230,240,1227],"_links":{"self":[{"href":"https:\/\/www.ecletismomusical.pt\/en\/wp-json\/wp\/v2\/posts\/7048"}],"collection":[{"href":"https:\/\/www.ecletismomusical.pt\/en\/wp-json\/wp\/v2\/posts"}],"about":[{"href":"https:\/\/www.ecletismomusical.pt\/en\/wp-json\/wp\/v2\/types\/post"}],"author":[{"embeddable":true,"href":"https:\/\/www.ecletismomusical.pt\/en\/wp-json\/wp\/v2\/users\/1"}],"replies":[{"embeddable":true,"href":"https:\/\/www.ecletismomusical.pt\/en\/wp-json\/wp\/v2\/comments?post=7048"}],"version-history":[{"count":2,"href":"https:\/\/www.ecletismomusical.pt\/en\/wp-json\/wp\/v2\/posts\/7048\/revisions"}],"predecessor-version":[{"id":7052,"href":"https:\/\/www.ecletismomusical.pt\/en\/wp-json\/wp\/v2\/posts\/7048\/revisions\/7052"}],"wp:featuredmedia":[{"embeddable":true,"href":"https:\/\/www.ecletismomusical.pt\/en\/wp-json\/wp\/v2\/media\/7050"}],"wp:attachment":[{"href":"https:\/\/www.ecletismomusical.pt\/en\/wp-json\/wp\/v2\/media?parent=7048"}],"wp:term":[{"taxonomy":"category","embeddable":true,"href":"https:\/\/www.ecletismomusical.pt\/en\/wp-json\/wp\/v2\/categories?post=7048"},{"taxonomy":"post_tag","embeddable":true,"href":"https:\/\/www.ecletismomusical.pt\/en\/wp-json\/wp\/v2\/tags?post=7048"}],"curies":[{"name":"wp","href":"https:\/\/api.w.org\/{rel}","templated":true}]}}