{"id":7053,"date":"2025-07-30T10:28:45","date_gmt":"2025-07-30T09:28:45","guid":{"rendered":"https:\/\/www.ecletismomusical.pt\/?p=7053"},"modified":"2025-07-30T10:28:49","modified_gmt":"2025-07-30T09:28:49","slug":"new-single-micah-p-hinson-oh-sleepyhead","status":"publish","type":"post","link":"https:\/\/www.ecletismomusical.pt\/en\/new-single-micah-p-hinson-oh-sleepyhead\/","title":{"rendered":"[New Single]  Micah P. Hinson &#8211; Oh, Sleepyhead!"},"content":{"rendered":"<p>O novo single de <a href=\"https:\/\/www.instagram.com\/micahphinson\/\">Micah P. Hinson<\/a> antecipa o \u00e1lbum <em>The Tomorrow Man<\/em>, com estreia marcada para outubro, e oferece uma das vers\u00f5es mais expansivas de Hinson em muito tempo. A sua voz, sempre fr\u00e1gil e firme, surge agora envolta por uma orquestra que mais parece sussurrar-lhe ao ouvido. H\u00e1 cordas, h\u00e1 sil\u00eancio, h\u00e1 uma esp\u00e9cie de amanhecer lento e cinematogr\u00e1fico. <\/p>\n\n\n\n<div class=\"wp-block-embed__wrapper\">\n<iframe width=\"900\" height=\"506\" src=\"https:\/\/www.youtube.com\/embed\/GFGh6hkhqSo?feature=oembed\" frameborder=\"0\" allowfullscreen><\/iframe>\n<\/div>\n\n\n\n<p>Gravado no norte de It\u00e1lia e produzido por Alessandro \u201cAsso\u201d Stefana, &#8220;Oh, Sleepyhead!&#8221; deixa o alt\u2011folk sujo de outrora repousar por uns minutos, para dar lugar a uma constru\u00e7\u00e3o mais et\u00e9rea, sem nunca perder o lado confessional. <\/p>\n\n\n\n<div class=\"wp-block-embed__wrapper\">\n<iframe style=\"border-radius: 12px\" width=\"100%\" height=\"352\" frameborder=\"0\" allowfullscreen src=\"https:\/\/open.spotify.com\/embed\/album\/37e65dZAZupI9DAgImO6Dg?utm_source=oembed\"><\/iframe>\n<\/div>","protected":false},"excerpt":{"rendered":"<p>O novo single de Micah P. Hinson antecipa o \u00e1lbum The Tomorrow Man, com estreia marcada para outubro, e oferece uma das vers\u00f5es mais expansivas de Hinson em muito tempo. A sua voz, sempre fr\u00e1gil e firme, surge agora envolta por uma orquestra que mais parece sussurrar-lhe ao ouvido. H\u00e1 cordas, h\u00e1 sil\u00eancio, h\u00e1 uma<\/p>","protected":false},"author":1,"featured_media":7056,"comment_status":"open","ping_status":"open","sticky":false,"template":"","format":"standard","meta":[],"categories":[1,529,26],"tags":[1231,85,87],"_links":{"self":[{"href":"https:\/\/www.ecletismomusical.pt\/en\/wp-json\/wp\/v2\/posts\/7053"}],"collection":[{"href":"https:\/\/www.ecletismomusical.pt\/en\/wp-json\/wp\/v2\/posts"}],"about":[{"href":"https:\/\/www.ecletismomusical.pt\/en\/wp-json\/wp\/v2\/types\/post"}],"author":[{"embeddable":true,"href":"https:\/\/www.ecletismomusical.pt\/en\/wp-json\/wp\/v2\/users\/1"}],"replies":[{"embeddable":true,"href":"https:\/\/www.ecletismomusical.pt\/en\/wp-json\/wp\/v2\/comments?post=7053"}],"version-history":[{"count":1,"href":"https:\/\/www.ecletismomusical.pt\/en\/wp-json\/wp\/v2\/posts\/7053\/revisions"}],"predecessor-version":[{"id":7057,"href":"https:\/\/www.ecletismomusical.pt\/en\/wp-json\/wp\/v2\/posts\/7053\/revisions\/7057"}],"wp:featuredmedia":[{"embeddable":true,"href":"https:\/\/www.ecletismomusical.pt\/en\/wp-json\/wp\/v2\/media\/7056"}],"wp:attachment":[{"href":"https:\/\/www.ecletismomusical.pt\/en\/wp-json\/wp\/v2\/media?parent=7053"}],"wp:term":[{"taxonomy":"category","embeddable":true,"href":"https:\/\/www.ecletismomusical.pt\/en\/wp-json\/wp\/v2\/categories?post=7053"},{"taxonomy":"post_tag","embeddable":true,"href":"https:\/\/www.ecletismomusical.pt\/en\/wp-json\/wp\/v2\/tags?post=7053"}],"curies":[{"name":"wp","href":"https:\/\/api.w.org\/{rel}","templated":true}]}}