{"id":707,"date":"2009-05-13T01:15:00","date_gmt":"2009-05-13T01:15:00","guid":{"rendered":"https:\/\/ecletismomusical.pt\/azevedo-silva-ao-vivo-na-sociedade\/"},"modified":"2009-05-13T01:15:00","modified_gmt":"2009-05-13T01:15:00","slug":"azevedo-silva-ao-vivo-na-sociedade","status":"publish","type":"post","link":"https:\/\/www.ecletismomusical.pt\/en\/azevedo-silva-ao-vivo-na-sociedade\/","title":{"rendered":"Azevedo Silva &#8211; &#8220;Ao vivo na Sociedade&#8221;"},"content":{"rendered":"<p><a href=\"http:\/\/www.lastima.net\/edicoes\/aovivonasociedade\"><img height=\"278\" src=\"http:\/\/images.lastima.net\/albums\/aovivonasociedade\/aovivonasociedade_500px.jpg\" width=\"322\" \/><\/a><\/p>\n<div><span style=\"font-family:arial;font-size:85%\"><em>\u00abAzevedo Silva acaba de disponibilizar para <a href=\"http:\/\/www.lastima.net\/edicoes\/aovivonasociedade\"><strong>download gratuito<\/strong> <\/a>o concerto que deu na Sociedade Harmonia Eborense no passado dia 13 de Dezembro. E f\u00ea-lo essencialmente por 3 motivos:<\/em><\/span><\/div>\n<p><span style=\"font-family:arial;font-size:85%\"><em><\/p>\n<div>\u201cI) Queremos oferece-lo aos f\u00e3s que nos t\u00eam acompanhado. J\u00e1 mereciam uma grava\u00e7\u00e3o decente das m\u00fasicas ao vivo. For\u00e7a. Estejam \u00e0 vontade para passar a palavra aos amigos e para espalharem o disco. Com alguma sorte, alguns dos vossos temas preferidos podem ser ouvidos neste concerto. Poder\u00e3o perceber que n\u00e3o houve edi\u00e7\u00e3o dos erros. Se somos fado indie, n\u00e3o podemos preocupar-nos com muitas regras.<br \/>II) O disco \u201cAutista\u201d atingiu os 10,000 downloads atrav\u00e9s do site da L\u00e1stima. Isso \u00e9, pelo menos para n\u00f3s, um motivo mais que suficiente para vos darmos algo em troca. Obrigado por isso.<br \/>III) Durante a promo\u00e7\u00e3o do disco, para al\u00e9m dos muitos concertos que tivemos, fic\u00e1mos surpreendidos com os relatos do que se estava a passar na Sociedade Harmonia Eborense (SHE). O que pretendemos agora \u00e9 deixar um alerta para que se saiba que esta, uma das casas mais interessantes do pa\u00eds, esteve a um passo de encerrar. Isso significaria menos cultura, menos alternativas, menos pensamento, menos debate.\u201d (Azevedo Silva)<\/div>\n<div>O disco chama-se \u201cAo Vivo na Sociedade\u201d e \u00e9 uma edi\u00e7\u00e3o da netlabel L\u00e1stima. Bela edi\u00e7\u00e3o. In <a href=\"http:\/\/a-trompa.net\/\">A Trompa<\/a>\u00bb<\/div>\n<div><\/div>\n<div>Todos os \u00e1lbuns dispon\u00edveis <a href=\"http:\/\/www.lastima.net\/artistas\/azevedosilva\">aqui<\/a> or <a href=\"http:\/\/eclectismomusical.blogspot.com\/2008\/05\/livre-e-bom.html\">aqui<\/a>. atrav\u00e9s do post j\u00e1 anteriormente feito pelo EM. Bom. Nacional. Gratu\u00edto.<\/div>\n<div><\/div>\n<div><\/em><\/span><\/div>\n<p><\/p>","protected":false},"excerpt":{"rendered":"<p>\u00abAzevedo Silva acaba de disponibilizar para download gratuito o concerto que deu na Sociedade Harmonia Eborense no passado dia 13 de Dezembro. E f\u00ea-lo essencialmente por 3 motivos: \u201cI) Queremos oferece-lo aos f\u00e3s que nos t\u00eam acompanhado. J\u00e1 mereciam uma grava\u00e7\u00e3o decente das m\u00fasicas ao vivo. For\u00e7a. Estejam \u00e0 vontade para passar a palavra aos<\/p>","protected":false},"author":1,"featured_media":0,"comment_status":"open","ping_status":"open","sticky":false,"template":"","format":"standard","meta":[],"categories":[1],"tags":[],"_links":{"self":[{"href":"https:\/\/www.ecletismomusical.pt\/en\/wp-json\/wp\/v2\/posts\/707"}],"collection":[{"href":"https:\/\/www.ecletismomusical.pt\/en\/wp-json\/wp\/v2\/posts"}],"about":[{"href":"https:\/\/www.ecletismomusical.pt\/en\/wp-json\/wp\/v2\/types\/post"}],"author":[{"embeddable":true,"href":"https:\/\/www.ecletismomusical.pt\/en\/wp-json\/wp\/v2\/users\/1"}],"replies":[{"embeddable":true,"href":"https:\/\/www.ecletismomusical.pt\/en\/wp-json\/wp\/v2\/comments?post=707"}],"version-history":[{"count":0,"href":"https:\/\/www.ecletismomusical.pt\/en\/wp-json\/wp\/v2\/posts\/707\/revisions"}],"wp:attachment":[{"href":"https:\/\/www.ecletismomusical.pt\/en\/wp-json\/wp\/v2\/media?parent=707"}],"wp:term":[{"taxonomy":"category","embeddable":true,"href":"https:\/\/www.ecletismomusical.pt\/en\/wp-json\/wp\/v2\/categories?post=707"},{"taxonomy":"post_tag","embeddable":true,"href":"https:\/\/www.ecletismomusical.pt\/en\/wp-json\/wp\/v2\/tags?post=707"}],"curies":[{"name":"wp","href":"https:\/\/api.w.org\/{rel}","templated":true}]}}