{"id":7082,"date":"2025-08-02T10:00:00","date_gmt":"2025-08-02T09:00:00","guid":{"rendered":"https:\/\/www.ecletismomusical.pt\/?p=7082"},"modified":"2025-08-02T14:57:22","modified_gmt":"2025-08-02T13:57:22","slug":"new-single-my-morning-jacket-i-can-hear-your-love","status":"publish","type":"post","link":"https:\/\/www.ecletismomusical.pt\/en\/new-single-my-morning-jacket-i-can-hear-your-love\/","title":{"rendered":"[New Single] My Morning Jacket &#8211; I Can Hear Your Love"},"content":{"rendered":"<p>\u201cI Can Hear Your Love\u201d, novo single dos <a href=\"https:\/\/www.instagram.com\/mymorningjacket\/\">My Morning Jacket<\/a>, parece uma m\u00fasica que j\u00e1 ouvimos em algum lugar da inf\u00e2ncia, mas nunca esteve l\u00e1. \u00c9 nova, mas soa antiga, como se os <a href=\"https:\/\/www.instagram.com\/mymorningjacket\/\">My Morning Jacket<\/a> tivessem descoberto um fragmento de passado que nunca existiu, e o trouxessem de volta sem o estragar.<\/p>\n\n\n\n<div class=\"wp-block-embed__wrapper\">\n<iframe width=\"900\" height=\"506\" src=\"https:\/\/www.youtube.com\/embed\/gKaf3DTVN6o?feature=oembed\" frameborder=\"0\" allowfullscreen><\/iframe>\n<\/div>\n\n\n\n<p>Este tema integra o \u00e1lbum <em>is<\/em>, o d\u00e9cimo da banda, lan\u00e7ado a <strong>21 de mar\u00e7o de 2025<\/strong>, produzido por Brendan O&#8217;Brien, dentro da mescla retro-rock, funk suave e psicodelia elegante que caracteriza o disco, \u201cI\u202fCan Hear Your Love\u201d destaca-se como um bal\u00e3o de doo\u2011wop leve, carregado de nostalgia e serenidade.<\/p>\n\n\n\n<p><\/p>","protected":false},"excerpt":{"rendered":"<p>\u201cI Can Hear Your Love\u201d, novo single dos My Morning Jacket, parece uma m\u00fasica que j\u00e1 ouvimos em algum lugar da inf\u00e2ncia, mas nunca esteve l\u00e1. \u00c9 nova, mas soa antiga, como se os My Morning Jacket tivessem descoberto um fragmento de passado que nunca existiu, e o trouxessem de volta sem o estragar. Este<\/p>","protected":false},"author":1,"featured_media":7084,"comment_status":"open","ping_status":"open","sticky":false,"template":"","format":"standard","meta":[],"categories":[1,529,26],"tags":[1234,85,87],"_links":{"self":[{"href":"https:\/\/www.ecletismomusical.pt\/en\/wp-json\/wp\/v2\/posts\/7082"}],"collection":[{"href":"https:\/\/www.ecletismomusical.pt\/en\/wp-json\/wp\/v2\/posts"}],"about":[{"href":"https:\/\/www.ecletismomusical.pt\/en\/wp-json\/wp\/v2\/types\/post"}],"author":[{"embeddable":true,"href":"https:\/\/www.ecletismomusical.pt\/en\/wp-json\/wp\/v2\/users\/1"}],"replies":[{"embeddable":true,"href":"https:\/\/www.ecletismomusical.pt\/en\/wp-json\/wp\/v2\/comments?post=7082"}],"version-history":[{"count":3,"href":"https:\/\/www.ecletismomusical.pt\/en\/wp-json\/wp\/v2\/posts\/7082\/revisions"}],"predecessor-version":[{"id":7090,"href":"https:\/\/www.ecletismomusical.pt\/en\/wp-json\/wp\/v2\/posts\/7082\/revisions\/7090"}],"wp:featuredmedia":[{"embeddable":true,"href":"https:\/\/www.ecletismomusical.pt\/en\/wp-json\/wp\/v2\/media\/7084"}],"wp:attachment":[{"href":"https:\/\/www.ecletismomusical.pt\/en\/wp-json\/wp\/v2\/media?parent=7082"}],"wp:term":[{"taxonomy":"category","embeddable":true,"href":"https:\/\/www.ecletismomusical.pt\/en\/wp-json\/wp\/v2\/categories?post=7082"},{"taxonomy":"post_tag","embeddable":true,"href":"https:\/\/www.ecletismomusical.pt\/en\/wp-json\/wp\/v2\/tags?post=7082"}],"curies":[{"name":"wp","href":"https:\/\/api.w.org\/{rel}","templated":true}]}}