{"id":7091,"date":"2025-08-03T10:36:26","date_gmt":"2025-08-03T09:36:26","guid":{"rendered":"https:\/\/www.ecletismomusical.pt\/?p=7091"},"modified":"2025-08-03T11:11:40","modified_gmt":"2025-08-03T10:11:40","slug":"new-version-young-the-giant-mind-over-matter-in-the-open","status":"publish","type":"post","link":"https:\/\/www.ecletismomusical.pt\/en\/new-version-young-the-giant-mind-over-matter-in-the-open\/","title":{"rendered":"[New Version] Young the Giant &#8211; Mind Over Matter (In The Open)"},"content":{"rendered":"<p>\u201cMind Over Matter\u201d apareceu pela primeira vez em 2014, no segundo \u00e1lbum de est\u00fadio dos <a href=\"https:\/\/www.instagram.com\/youngthegiant\/\">Young the Giant<\/a>. Tornou-se rapidamente uma das mais reconhecidas da banda, n\u00e3o s\u00f3 pelo seu refr\u00e3o explosivo, mas pela tens\u00e3o que carrega entre emo\u00e7\u00e3o e raz\u00e3o, entre o impulso de amar e o medo de se perder.<\/p>\n\n\n\n<div class=\"wp-block-embed__wrapper\">\n<iframe width=\"900\" height=\"506\" src=\"https:\/\/www.youtube.com\/embed\/YtYGfb58uRY?feature=oembed\" frameborder=\"0\" allowfullscreen><\/iframe>\n<\/div>\n\n\n\n<p>Mas foi fora desse cen\u00e1rio que a can\u00e7\u00e3o encontrou a sua forma mais \u00edntima. Quando a banda decidiu recri\u00e1-la no projeto <em>In The Open<\/em>, algo mudou. Aquela linha mel\u00f3dica, outrora imponente, agora flutua num espa\u00e7o onde o tempo se dilui.<\/p>\n\n\n<p><iframe style=\"border-radius:12px\" src=\"https:\/\/open.spotify.com\/embed\/track\/5uWLTu3OU9wzNN7adiFucn?utm_source=generator\" width=\"100%\" height=\"352\" frameborder=\"0\" allowfullscreen=\"\"><\/iframe><\/p>\n\n\n<p><\/p>","protected":false},"excerpt":{"rendered":"<p>\u201cMind Over Matter\u201d apareceu pela primeira vez em 2014, no segundo \u00e1lbum de est\u00fadio dos Young the Giant. Tornou-se rapidamente uma das mais reconhecidas da banda, n\u00e3o s\u00f3 pelo seu refr\u00e3o explosivo, mas pela tens\u00e3o que carrega entre emo\u00e7\u00e3o e raz\u00e3o, entre o impulso de amar e o medo de se perder. Mas foi fora<\/p>","protected":false},"author":1,"featured_media":7094,"comment_status":"open","ping_status":"open","sticky":false,"template":"","format":"standard","meta":[],"categories":[1,235],"tags":[89,1090],"_links":{"self":[{"href":"https:\/\/www.ecletismomusical.pt\/en\/wp-json\/wp\/v2\/posts\/7091"}],"collection":[{"href":"https:\/\/www.ecletismomusical.pt\/en\/wp-json\/wp\/v2\/posts"}],"about":[{"href":"https:\/\/www.ecletismomusical.pt\/en\/wp-json\/wp\/v2\/types\/post"}],"author":[{"embeddable":true,"href":"https:\/\/www.ecletismomusical.pt\/en\/wp-json\/wp\/v2\/users\/1"}],"replies":[{"embeddable":true,"href":"https:\/\/www.ecletismomusical.pt\/en\/wp-json\/wp\/v2\/comments?post=7091"}],"version-history":[{"count":3,"href":"https:\/\/www.ecletismomusical.pt\/en\/wp-json\/wp\/v2\/posts\/7091\/revisions"}],"predecessor-version":[{"id":7096,"href":"https:\/\/www.ecletismomusical.pt\/en\/wp-json\/wp\/v2\/posts\/7091\/revisions\/7096"}],"wp:featuredmedia":[{"embeddable":true,"href":"https:\/\/www.ecletismomusical.pt\/en\/wp-json\/wp\/v2\/media\/7094"}],"wp:attachment":[{"href":"https:\/\/www.ecletismomusical.pt\/en\/wp-json\/wp\/v2\/media?parent=7091"}],"wp:term":[{"taxonomy":"category","embeddable":true,"href":"https:\/\/www.ecletismomusical.pt\/en\/wp-json\/wp\/v2\/categories?post=7091"},{"taxonomy":"post_tag","embeddable":true,"href":"https:\/\/www.ecletismomusical.pt\/en\/wp-json\/wp\/v2\/tags?post=7091"}],"curies":[{"name":"wp","href":"https:\/\/api.w.org\/{rel}","templated":true}]}}