{"id":7400,"date":"2025-08-30T11:00:00","date_gmt":"2025-08-30T10:00:00","guid":{"rendered":"https:\/\/www.ecletismomusical.pt\/?p=7400"},"modified":"2025-08-30T11:01:22","modified_gmt":"2025-08-30T10:01:22","slug":"live-epica-cry-for-the-moon-live-at-the-symphonic-synergy","status":"publish","type":"post","link":"https:\/\/www.ecletismomusical.pt\/en\/live-epica-cry-for-the-moon-live-at-the-symphonic-synergy\/","title":{"rendered":"[Live] EPICA &#8211; Cry for the Moon (Live At The Symphonic Synergy)"},"content":{"rendered":"<p>Os <a href=\"https:\/\/www.instagram.com\/epicaofficial\/\">Epica<\/a> s\u00e3o uma das bandas mais marcantes do metal sinf\u00f3nico contempor\u00e2neo, fundados nos Pa\u00edses Baixos em 2002, foram construindo uma identidade pr\u00f3pria, misturando a intensidade do metal com arranjos orquestrais grandiosos e coros que d\u00e3o uma dimens\u00e3o quase cinematogr\u00e1fica \u00e0s suas m\u00fasicas. <\/p>\n\n\n\n<p>Mais do que uma banda de metal, os Epica s\u00e3o um projeto art\u00edstico que procura unir peso, espiritualidade e reflex\u00e3o.<\/p>\n\n\n\n<div class=\"wp-block-embed__wrapper\">\n<iframe width=\"900\" height=\"506\" src=\"https:\/\/www.youtube.com\/embed\/9nFlPviWyf8?feature=oembed\" frameborder=\"0\" allowfullscreen><\/iframe>\n<\/div>\n\n\n\n<p>Esta vers\u00e3o de &#8220;Cry for the Moon&#8221;, uma das mais emblem\u00e1ticas do report\u00f3rio da banda, faz parte do concerto: <em>The Symphonic Synergy<\/em> onde a banda recriou os principais momentos da carreira, acompanhados por uma orquestra sinf\u00f3nica e coros majestosos, elevando a composi\u00e7\u00e3o a um patamar ainda mais \u00e9pico.<\/p>\n\n\n\n<p>O contraste entre a delicadeza et\u00e9rea da voz de Simone Simons e a agressividade dos guturais de Mark Jansen \u00e9 amplificado pela densidade da orquestra, que envolve o p\u00fablico numa atmosfera quase lit\u00fargica.<\/p>","protected":false},"excerpt":{"rendered":"<p>Os Epica s\u00e3o uma das bandas mais marcantes do metal sinf\u00f3nico contempor\u00e2neo, fundados nos Pa\u00edses Baixos em 2002, foram construindo uma identidade pr\u00f3pria, misturando a intensidade do metal com arranjos orquestrais grandiosos e coros que d\u00e3o uma dimens\u00e3o quase cinematogr\u00e1fica \u00e0s suas m\u00fasicas. Mais do que uma banda de metal, os Epica s\u00e3o um projeto<\/p>","protected":false},"author":1,"featured_media":7402,"comment_status":"open","ping_status":"open","sticky":false,"template":"","format":"standard","meta":[],"categories":[1,175,1279],"tags":[45,1286,240,72],"_links":{"self":[{"href":"https:\/\/www.ecletismomusical.pt\/en\/wp-json\/wp\/v2\/posts\/7400"}],"collection":[{"href":"https:\/\/www.ecletismomusical.pt\/en\/wp-json\/wp\/v2\/posts"}],"about":[{"href":"https:\/\/www.ecletismomusical.pt\/en\/wp-json\/wp\/v2\/types\/post"}],"author":[{"embeddable":true,"href":"https:\/\/www.ecletismomusical.pt\/en\/wp-json\/wp\/v2\/users\/1"}],"replies":[{"embeddable":true,"href":"https:\/\/www.ecletismomusical.pt\/en\/wp-json\/wp\/v2\/comments?post=7400"}],"version-history":[{"count":3,"href":"https:\/\/www.ecletismomusical.pt\/en\/wp-json\/wp\/v2\/posts\/7400\/revisions"}],"predecessor-version":[{"id":7405,"href":"https:\/\/www.ecletismomusical.pt\/en\/wp-json\/wp\/v2\/posts\/7400\/revisions\/7405"}],"wp:featuredmedia":[{"embeddable":true,"href":"https:\/\/www.ecletismomusical.pt\/en\/wp-json\/wp\/v2\/media\/7402"}],"wp:attachment":[{"href":"https:\/\/www.ecletismomusical.pt\/en\/wp-json\/wp\/v2\/media?parent=7400"}],"wp:term":[{"taxonomy":"category","embeddable":true,"href":"https:\/\/www.ecletismomusical.pt\/en\/wp-json\/wp\/v2\/categories?post=7400"},{"taxonomy":"post_tag","embeddable":true,"href":"https:\/\/www.ecletismomusical.pt\/en\/wp-json\/wp\/v2\/tags?post=7400"}],"curies":[{"name":"wp","href":"https:\/\/api.w.org\/{rel}","templated":true}]}}