{"id":7464,"date":"2025-09-07T14:05:02","date_gmt":"2025-09-07T13:05:02","guid":{"rendered":"https:\/\/www.ecletismomusical.pt\/?p=7464"},"modified":"2025-09-07T14:06:02","modified_gmt":"2025-09-07T13:06:02","slug":"worth-listening-to-lavoisier-o-mundo-bem-monstro","status":"publish","type":"post","link":"https:\/\/www.ecletismomusical.pt\/en\/worth-listening-to-lavoisier-o-mundo-bem-monstro\/","title":{"rendered":"[Worth Listening to] Lavoisier &#8211; O Mundo Bem Monstro"},"content":{"rendered":"<p><em><strong>O Mundo Bem Monstro<\/strong><\/em>\u00a0\u00e9 o single de avan\u00e7o do novo disco dos<a href=\"https:\/\/www.instagram.com\/la_vai_o_ze\/\"> Lavoisier<\/a>, banda de Patr\u00edcia Relvas e Roberto Afonso, que neste trabalho juntam tr\u00eas m\u00fasicos \u00e0 sua banda: o baterista Diogo Sousa, o baixista Ricardo Dias Gomes e o guitarrista Pedro Branco. Para o longa dura\u00e7\u00e3o, com lan\u00e7amento previsto para outubro, desafiaram\u00a0<strong>dez poetas contempor\u00e2neos a escreverem poemas in\u00e9ditos<\/strong>\u00a0para que fossem musicados e tornados tamb\u00e9m can\u00e7\u00e3o. <\/p>\n\n\n\n<div class=\"wp-block-embed__wrapper\">\n<iframe width=\"900\" height=\"675\" src=\"https:\/\/www.youtube.com\/embed\/Pseam5TyHyg?feature=oembed\" frameborder=\"0\" allowfullscreen><\/iframe>\n<\/div>\n\n\n\n<p><em>O poema de\u00a0O Mundo Bem Monstro\u00a0foi escrito por\u00a0<strong>Raquel Nobre Guerra<\/strong>, poeta e tradutora que reside entre Lisboa e o Alentejo, autora dos livros Groto Sato (2012), pr\u00e9mio Primeira Obra do PEN Clube Portugu\u00eas e Pr\u00e9mios Novos da Culturgest\/ CGD; SMS de Amor e \u00d3dio (2013); Sauda\u00e7\u00e3o a \u00c1lvaro de Campos (plaquete, 2014); Senhor Roubado (2016), semi finalista do Pr\u00e9mio Oceanos em 2017.\u00a0<\/em><\/p>\n\n\n\n<p><em>Este\u00a0<strong>primeiro single<\/strong>\u00a0reflete sobre o\u00a0<strong>mundo como lugar opressor<\/strong>\u00a0e confinado, na perspetiva de\u00a0<strong>algu\u00e9m que procura n\u00e3o ser turista da pr\u00f3pria vida<\/strong>, mas antes a\u00a0<strong>liberdade de se sentir em casa na sua pele<\/strong>. Os Lavoisier mant\u00e9m a sua identidade musical, sem possibilidade &#8211; ou inten\u00e7\u00e3o &#8211; de atribui\u00e7\u00e3o de r\u00f3tulo, viajando pelas mais diversas latitudes e mantendo o apego \u00e0 m\u00fasica tradicional portuguesa, apesar deste disco acentuar a personalidade el\u00e9trica, que sempre existiu na guitarra de Roberto Afonso, dos Lavoisier.\u00a0<\/em><br><br>Foto <em>\u00a9 Daryan Dornelles<\/em><\/p>","protected":false},"excerpt":{"rendered":"<p>O Mundo Bem Monstro\u00a0\u00e9 o single de avan\u00e7o do novo disco dos Lavoisier, banda de Patr\u00edcia Relvas e Roberto Afonso, que neste trabalho juntam tr\u00eas m\u00fasicos \u00e0 sua banda: o baterista Diogo Sousa, o baixista Ricardo Dias Gomes e o guitarrista Pedro Branco. Para o longa dura\u00e7\u00e3o, com lan\u00e7amento previsto para outubro, desafiaram\u00a0dez poetas contempor\u00e2neos<\/p>","protected":false},"author":1,"featured_media":7467,"comment_status":"open","ping_status":"open","sticky":false,"template":"","format":"standard","meta":[],"categories":[1,30],"tags":[1295,87,115],"_links":{"self":[{"href":"https:\/\/www.ecletismomusical.pt\/en\/wp-json\/wp\/v2\/posts\/7464"}],"collection":[{"href":"https:\/\/www.ecletismomusical.pt\/en\/wp-json\/wp\/v2\/posts"}],"about":[{"href":"https:\/\/www.ecletismomusical.pt\/en\/wp-json\/wp\/v2\/types\/post"}],"author":[{"embeddable":true,"href":"https:\/\/www.ecletismomusical.pt\/en\/wp-json\/wp\/v2\/users\/1"}],"replies":[{"embeddable":true,"href":"https:\/\/www.ecletismomusical.pt\/en\/wp-json\/wp\/v2\/comments?post=7464"}],"version-history":[{"count":1,"href":"https:\/\/www.ecletismomusical.pt\/en\/wp-json\/wp\/v2\/posts\/7464\/revisions"}],"predecessor-version":[{"id":7466,"href":"https:\/\/www.ecletismomusical.pt\/en\/wp-json\/wp\/v2\/posts\/7464\/revisions\/7466"}],"wp:featuredmedia":[{"embeddable":true,"href":"https:\/\/www.ecletismomusical.pt\/en\/wp-json\/wp\/v2\/media\/7467"}],"wp:attachment":[{"href":"https:\/\/www.ecletismomusical.pt\/en\/wp-json\/wp\/v2\/media?parent=7464"}],"wp:term":[{"taxonomy":"category","embeddable":true,"href":"https:\/\/www.ecletismomusical.pt\/en\/wp-json\/wp\/v2\/categories?post=7464"},{"taxonomy":"post_tag","embeddable":true,"href":"https:\/\/www.ecletismomusical.pt\/en\/wp-json\/wp\/v2\/tags?post=7464"}],"curies":[{"name":"wp","href":"https:\/\/api.w.org\/{rel}","templated":true}]}}