{"id":7478,"date":"2025-09-07T16:04:24","date_gmt":"2025-09-07T15:04:24","guid":{"rendered":"https:\/\/www.ecletismomusical.pt\/?p=7478"},"modified":"2025-09-07T16:04:27","modified_gmt":"2025-09-07T15:04:27","slug":"new-version-syml-careful-paris-unplugged","status":"publish","type":"post","link":"https:\/\/www.ecletismomusical.pt\/en\/new-version-syml-careful-paris-unplugged\/","title":{"rendered":"[New Version] SYML &#8211; Careful (Paris Unplugged)"},"content":{"rendered":"<p>O cantor e compositor<a href=\"https:\/\/www.instagram.com\/symlmusic\/\"> SYML<\/a> lan\u00e7ou recentemente a vers\u00e3o ao vivo da sua aclamada faixa \u201cCareful\u201d sob o t\u00edtulo <strong>\u201cCareful (Paris Unplugged)\u201d<\/strong>. Esta vers\u00e3o foi gravada em Paris, no Le Consulat, e faz parte do \u00e1lbum <em>Paris Unplugged<\/em>, previsto para lan\u00e7amento em 26 de setembro de 2025. A performance ac\u00fastica destaca a voz emotiva de SYML e a profundidade l\u00edrica da can\u00e7\u00e3o.<\/p>\n\n\n\n<div class=\"wp-block-embed__wrapper\">\n<iframe width=\"900\" height=\"506\" src=\"https:\/\/www.youtube.com\/embed\/I7KRyI8iM1o?feature=oembed\" frameborder=\"0\" allowfullscreen><\/iframe>\n<\/div>","protected":false},"excerpt":{"rendered":"<p>O cantor e compositor SYML lan\u00e7ou recentemente a vers\u00e3o ao vivo da sua aclamada faixa \u201cCareful\u201d sob o t\u00edtulo \u201cCareful (Paris Unplugged)\u201d. Esta vers\u00e3o foi gravada em Paris, no Le Consulat, e faz parte do \u00e1lbum Paris Unplugged, previsto para lan\u00e7amento em 26 de setembro de 2025. A performance ac\u00fastica destaca a voz emotiva de<\/p>","protected":false},"author":1,"featured_media":7479,"comment_status":"open","ping_status":"open","sticky":false,"template":"","format":"standard","meta":[],"categories":[1,175],"tags":[240,687],"_links":{"self":[{"href":"https:\/\/www.ecletismomusical.pt\/en\/wp-json\/wp\/v2\/posts\/7478"}],"collection":[{"href":"https:\/\/www.ecletismomusical.pt\/en\/wp-json\/wp\/v2\/posts"}],"about":[{"href":"https:\/\/www.ecletismomusical.pt\/en\/wp-json\/wp\/v2\/types\/post"}],"author":[{"embeddable":true,"href":"https:\/\/www.ecletismomusical.pt\/en\/wp-json\/wp\/v2\/users\/1"}],"replies":[{"embeddable":true,"href":"https:\/\/www.ecletismomusical.pt\/en\/wp-json\/wp\/v2\/comments?post=7478"}],"version-history":[{"count":1,"href":"https:\/\/www.ecletismomusical.pt\/en\/wp-json\/wp\/v2\/posts\/7478\/revisions"}],"predecessor-version":[{"id":7480,"href":"https:\/\/www.ecletismomusical.pt\/en\/wp-json\/wp\/v2\/posts\/7478\/revisions\/7480"}],"wp:featuredmedia":[{"embeddable":true,"href":"https:\/\/www.ecletismomusical.pt\/en\/wp-json\/wp\/v2\/media\/7479"}],"wp:attachment":[{"href":"https:\/\/www.ecletismomusical.pt\/en\/wp-json\/wp\/v2\/media?parent=7478"}],"wp:term":[{"taxonomy":"category","embeddable":true,"href":"https:\/\/www.ecletismomusical.pt\/en\/wp-json\/wp\/v2\/categories?post=7478"},{"taxonomy":"post_tag","embeddable":true,"href":"https:\/\/www.ecletismomusical.pt\/en\/wp-json\/wp\/v2\/tags?post=7478"}],"curies":[{"name":"wp","href":"https:\/\/api.w.org\/{rel}","templated":true}]}}