{"id":7532,"date":"2025-09-14T10:56:32","date_gmt":"2025-09-14T09:56:32","guid":{"rendered":"https:\/\/www.ecletismomusical.pt\/?p=7532"},"modified":"2025-09-14T10:56:37","modified_gmt":"2025-09-14T09:56:37","slug":"worth-listening-to-o-mau-olhado-4feira","status":"publish","type":"post","link":"https:\/\/www.ecletismomusical.pt\/en\/worth-listening-to-o-mau-olhado-4feira\/","title":{"rendered":"[Worth Listening to] O Mau Olhado &#8211; #4Feira"},"content":{"rendered":"<p>No Porto nasceu um projeto que come\u00e7ou por ser uma experi\u00eancia solit\u00e1ria nas ruas e que agora chega ao primeiro grande marco: o \u00e1lbum <strong>\u201cOs C\u00e3es Ladram\u201d<\/strong>, de<a href=\"https:\/\/www.instagram.com\/omauolhado.cardoso\/\"> O Mau Olhado,<\/a> nome art\u00edstico de Jo\u00e3o Cardoso. O disco, que ver\u00e1 a luz do dia a 26 de setembro, re\u00fane tanto can\u00e7\u00f5es in\u00e9ditas como composi\u00e7\u00f5es j\u00e1 amadurecidas em palco, todas gravadas e produzidas pelo pr\u00f3prio m\u00fasico. <\/p>\n\n\n\n<div class=\"wp-block-embed__wrapper\">\n<iframe width=\"900\" height=\"506\" src=\"https:\/\/www.youtube.com\/embed\/qSlMGu7-X_A?feature=oembed\" frameborder=\"0\" allowfullscreen><\/iframe>\n<\/div>\n\n\n\n<p>O tema de avan\u00e7o, <strong>\u201c#4Feira\u201d<\/strong>, d\u00e1 o tom a esta estreia, transformando um dia comum em mat\u00e9ria po\u00e9tica. Com guitarra, loopstation e percuss\u00f5es, Jo\u00e3o Cardoso constr\u00f3i em tempo real um universo onde jazz, fado, flamenco, m\u00fasica latina e ritmos balc\u00e2nicos convivem em perfeita liberdade. A espontaneidade \u00e9 o motor de uma viagem que transforma qualquer espa\u00e7o em palco coletivo.<\/p>\n\n\n\n<div class=\"wp-block-embed__wrapper\">\n<iframe style=\"border-radius: 12px\" width=\"100%\" height=\"152\" frameborder=\"0\" allowfullscreen src=\"https:\/\/open.spotify.com\/embed\/track\/043dIJ0ZrFdhsVZFlrUfE6?si=IrItRf3rRgObZttuB18BiQ&#038;utm_source=oembed\"><\/iframe>\n<\/div>\n\n\n\n<p>O concerto de apresenta\u00e7\u00e3o acontece no <strong>Maus H\u00e1bitos, no Porto, \u00e0s 21h de 26 de setembro<\/strong>, e marca o in\u00edcio de uma nova fase para um m\u00fasico que sempre fez da rua e do improviso a sua escola.<\/p>\n\n\n\n<p><\/p>","protected":false},"excerpt":{"rendered":"<p>No Porto nasceu um projeto que come\u00e7ou por ser uma experi\u00eancia solit\u00e1ria nas ruas e que agora chega ao primeiro grande marco: o \u00e1lbum \u201cOs C\u00e3es Ladram\u201d, de O Mau Olhado, nome art\u00edstico de Jo\u00e3o Cardoso. O disco, que ver\u00e1 a luz do dia a 26 de setembro, re\u00fane tanto can\u00e7\u00f5es in\u00e9ditas como composi\u00e7\u00f5es j\u00e1<\/p>","protected":false},"author":1,"featured_media":7546,"comment_status":"open","ping_status":"open","sticky":false,"template":"","format":"standard","meta":[],"categories":[1,30],"tags":[1302,115],"_links":{"self":[{"href":"https:\/\/www.ecletismomusical.pt\/en\/wp-json\/wp\/v2\/posts\/7532"}],"collection":[{"href":"https:\/\/www.ecletismomusical.pt\/en\/wp-json\/wp\/v2\/posts"}],"about":[{"href":"https:\/\/www.ecletismomusical.pt\/en\/wp-json\/wp\/v2\/types\/post"}],"author":[{"embeddable":true,"href":"https:\/\/www.ecletismomusical.pt\/en\/wp-json\/wp\/v2\/users\/1"}],"replies":[{"embeddable":true,"href":"https:\/\/www.ecletismomusical.pt\/en\/wp-json\/wp\/v2\/comments?post=7532"}],"version-history":[{"count":3,"href":"https:\/\/www.ecletismomusical.pt\/en\/wp-json\/wp\/v2\/posts\/7532\/revisions"}],"predecessor-version":[{"id":7547,"href":"https:\/\/www.ecletismomusical.pt\/en\/wp-json\/wp\/v2\/posts\/7532\/revisions\/7547"}],"wp:featuredmedia":[{"embeddable":true,"href":"https:\/\/www.ecletismomusical.pt\/en\/wp-json\/wp\/v2\/media\/7546"}],"wp:attachment":[{"href":"https:\/\/www.ecletismomusical.pt\/en\/wp-json\/wp\/v2\/media?parent=7532"}],"wp:term":[{"taxonomy":"category","embeddable":true,"href":"https:\/\/www.ecletismomusical.pt\/en\/wp-json\/wp\/v2\/categories?post=7532"},{"taxonomy":"post_tag","embeddable":true,"href":"https:\/\/www.ecletismomusical.pt\/en\/wp-json\/wp\/v2\/tags?post=7532"}],"curies":[{"name":"wp","href":"https:\/\/api.w.org\/{rel}","templated":true}]}}