{"id":7536,"date":"2025-09-15T10:53:30","date_gmt":"2025-09-15T09:53:30","guid":{"rendered":"https:\/\/www.ecletismomusical.pt\/?p=7536"},"modified":"2025-09-15T10:53:36","modified_gmt":"2025-09-15T09:53:36","slug":"new-single-armor-for-sleep-breathe-again","status":"publish","type":"post","link":"https:\/\/www.ecletismomusical.pt\/en\/new-single-armor-for-sleep-breathe-again\/","title":{"rendered":"[New Single] Armor For Sleep &#8211; Breathe Again"},"content":{"rendered":"<p>A banda de post-hardcore <a style=\"font-weight: bold\" href=\"https:\/\/www.instagram.com\/armorforsleep\/\">Armor For Sleep<\/a>  ir\u00e1 lan\u00e7ar o seu novo \u00e1lbum <strong>\u201cThere Is No Memory\u201d<\/strong>, que re\u00fane can\u00e7\u00f5es que mergulham na quest\u00e3o central da mem\u00f3ria e da identidade, refletindo sobre como as experi\u00eancias vividas moldam quem somos.<\/p>\n\n\n\n<div class=\"wp-block-embed__wrapper\">\n<iframe width=\"900\" height=\"506\" src=\"https:\/\/www.youtube.com\/embed\/Ijc0_irguI0?feature=oembed\" frameborder=\"0\" allowfullscreen><\/iframe>\n<\/div>\n\n\n\n<p>O primeiro avan\u00e7o, <strong>\u201cBreathe Again\u201d<\/strong>, exp\u00f5e essa dimens\u00e3o confessional: fala da dor de ser magoado no momento mais vulner\u00e1vel. Jorgensen, que passou por essa experi\u00eancia, descreve a m\u00fasica como uma tentativa de compreender a situa\u00e7\u00e3o e encontrar algum tipo de resolu\u00e7\u00e3o, mesmo que o peso da m\u00e1goa seja demasiado forte para permitir perd\u00e3o.<\/p>\n\n\n\n<div class=\"wp-block-embed__wrapper\">\n<iframe style=\"border-radius: 12px\" width=\"100%\" height=\"152\" frameborder=\"0\" allowfullscreen src=\"https:\/\/open.spotify.com\/embed\/track\/7okgRsYa2nalgGAhcev8GR?si=15184b45122f4253&#038;utm_source=oembed\"><\/iframe>\n<\/div>","protected":false},"excerpt":{"rendered":"<p>A banda de post-hardcore Armor For Sleep ir\u00e1 lan\u00e7ar o seu novo \u00e1lbum \u201cThere Is No Memory\u201d, que re\u00fane can\u00e7\u00f5es que mergulham na quest\u00e3o central da mem\u00f3ria e da identidade, refletindo sobre como as experi\u00eancias vividas moldam quem somos. O primeiro avan\u00e7o, \u201cBreathe Again\u201d, exp\u00f5e essa dimens\u00e3o confessional: fala da dor de ser magoado no<\/p>","protected":false},"author":1,"featured_media":7562,"comment_status":"open","ping_status":"open","sticky":false,"template":"","format":"standard","meta":[],"categories":[1,529,26],"tags":[85,87],"_links":{"self":[{"href":"https:\/\/www.ecletismomusical.pt\/en\/wp-json\/wp\/v2\/posts\/7536"}],"collection":[{"href":"https:\/\/www.ecletismomusical.pt\/en\/wp-json\/wp\/v2\/posts"}],"about":[{"href":"https:\/\/www.ecletismomusical.pt\/en\/wp-json\/wp\/v2\/types\/post"}],"author":[{"embeddable":true,"href":"https:\/\/www.ecletismomusical.pt\/en\/wp-json\/wp\/v2\/users\/1"}],"replies":[{"embeddable":true,"href":"https:\/\/www.ecletismomusical.pt\/en\/wp-json\/wp\/v2\/comments?post=7536"}],"version-history":[{"count":3,"href":"https:\/\/www.ecletismomusical.pt\/en\/wp-json\/wp\/v2\/posts\/7536\/revisions"}],"predecessor-version":[{"id":7563,"href":"https:\/\/www.ecletismomusical.pt\/en\/wp-json\/wp\/v2\/posts\/7536\/revisions\/7563"}],"wp:featuredmedia":[{"embeddable":true,"href":"https:\/\/www.ecletismomusical.pt\/en\/wp-json\/wp\/v2\/media\/7562"}],"wp:attachment":[{"href":"https:\/\/www.ecletismomusical.pt\/en\/wp-json\/wp\/v2\/media?parent=7536"}],"wp:term":[{"taxonomy":"category","embeddable":true,"href":"https:\/\/www.ecletismomusical.pt\/en\/wp-json\/wp\/v2\/categories?post=7536"},{"taxonomy":"post_tag","embeddable":true,"href":"https:\/\/www.ecletismomusical.pt\/en\/wp-json\/wp\/v2\/tags?post=7536"}],"curies":[{"name":"wp","href":"https:\/\/api.w.org\/{rel}","templated":true}]}}