{"id":7540,"date":"2025-09-12T09:37:22","date_gmt":"2025-09-12T08:37:22","guid":{"rendered":"https:\/\/www.ecletismomusical.pt\/?p=7540"},"modified":"2025-09-12T09:38:21","modified_gmt":"2025-09-12T08:38:21","slug":"new-single-kura-feat-jessica-cipriano-cancao-do-mar","status":"publish","type":"post","link":"https:\/\/www.ecletismomusical.pt\/en\/new-single-kura-feat-jessica-cipriano-cancao-do-mar\/","title":{"rendered":"[New Single] Kura feat Jessica Cipriano &#8211; Can\u00e7\u00e3o do Mar"},"content":{"rendered":"<p>H\u00e1 can\u00e7\u00f5es que parecem feitas para atravessar gera\u00e7\u00f5es, reinventando-se a cada interpreta\u00e7\u00e3o. <em><strong>Can\u00e7\u00e3o do Mar<\/strong><\/em> \u00e9 uma delas. Agora, <a href=\"https:\/\/www.instagram.com\/kuradj\/\">Kura<\/a> d\u00e1-lhe nova vida em colabora\u00e7\u00e3o com <strong><a href=\"https:\/\/www.instagram.com\/jessicapcipriano\/\">Jessica Cipriano<\/a><\/strong>, uma das vozes mais promissoras da m\u00fasica portuguesa. Conhecida pelo seu timbre intenso e pela versatilidade com que se move entre o fado, a m\u00fasica ligeira e a interpreta\u00e7\u00e3o contempor\u00e2nea, <strong>Jessica Cipriano<\/strong> afirma-se aqui como guardi\u00e3 da tradi\u00e7\u00e3o e, ao mesmo tempo, como int\u00e9rprete capaz de dialogar com a modernidade.<\/p>\n\n\n\n<div class=\"wp-block-embed__wrapper\">\n<iframe width=\"900\" height=\"675\" src=\"https:\/\/www.youtube.com\/embed\/zqEtZFuIO3Q?feature=oembed\" frameborder=\"0\" allowfullscreen><\/iframe>\n<\/div>\n\n\n\n<p>Nesta vers\u00e3o, a voz de Jessica n\u00e3o \u00e9 apenas um elemento vocal: \u00e9 o fio condutor que transporta o ouvinte da mem\u00f3ria de Am\u00e1lia Rodrigues e Dulce Pontes para uma vis\u00e3o atualizada de um cl\u00e1ssico intemporal. A sua entrega d\u00e1 corpo \u00e0 melancolia l\u00edrica e \u00e0 grandeza dram\u00e1tica da composi\u00e7\u00e3o, provando que o fado e as suas deriva\u00e7\u00f5es continuam a ser terreno f\u00e9rtil para recria\u00e7\u00e3o.<\/p>\n\n\n\n<div class=\"wp-block-embed__wrapper\">\n<iframe style=\"border-radius: 12px\" width=\"100%\" height=\"152\" frameborder=\"0\" allowfullscreen src=\"https:\/\/open.spotify.com\/embed\/track\/3DvTWdMTwCWhZCqvcKGC0p?si=03266ad038964f34&#038;utm_source=oembed\"><\/iframe>\n<\/div>","protected":false},"excerpt":{"rendered":"<p>H\u00e1 can\u00e7\u00f5es que parecem feitas para atravessar gera\u00e7\u00f5es, reinventando-se a cada interpreta\u00e7\u00e3o. Can\u00e7\u00e3o do Mar \u00e9 uma delas. Agora, Kura d\u00e1-lhe nova vida em colabora\u00e7\u00e3o com Jessica Cipriano, uma das vozes mais promissoras da m\u00fasica portuguesa. Conhecida pelo seu timbre intenso e pela versatilidade com que se move entre o fado, a m\u00fasica ligeira e<\/p>","protected":false},"author":1,"featured_media":7543,"comment_status":"open","ping_status":"open","sticky":false,"template":"","format":"standard","meta":[],"categories":[133,1,26,294],"tags":[134,956,1301,87,295],"_links":{"self":[{"href":"https:\/\/www.ecletismomusical.pt\/en\/wp-json\/wp\/v2\/posts\/7540"}],"collection":[{"href":"https:\/\/www.ecletismomusical.pt\/en\/wp-json\/wp\/v2\/posts"}],"about":[{"href":"https:\/\/www.ecletismomusical.pt\/en\/wp-json\/wp\/v2\/types\/post"}],"author":[{"embeddable":true,"href":"https:\/\/www.ecletismomusical.pt\/en\/wp-json\/wp\/v2\/users\/1"}],"replies":[{"embeddable":true,"href":"https:\/\/www.ecletismomusical.pt\/en\/wp-json\/wp\/v2\/comments?post=7540"}],"version-history":[{"count":1,"href":"https:\/\/www.ecletismomusical.pt\/en\/wp-json\/wp\/v2\/posts\/7540\/revisions"}],"predecessor-version":[{"id":7544,"href":"https:\/\/www.ecletismomusical.pt\/en\/wp-json\/wp\/v2\/posts\/7540\/revisions\/7544"}],"wp:featuredmedia":[{"embeddable":true,"href":"https:\/\/www.ecletismomusical.pt\/en\/wp-json\/wp\/v2\/media\/7543"}],"wp:attachment":[{"href":"https:\/\/www.ecletismomusical.pt\/en\/wp-json\/wp\/v2\/media?parent=7540"}],"wp:term":[{"taxonomy":"category","embeddable":true,"href":"https:\/\/www.ecletismomusical.pt\/en\/wp-json\/wp\/v2\/categories?post=7540"},{"taxonomy":"post_tag","embeddable":true,"href":"https:\/\/www.ecletismomusical.pt\/en\/wp-json\/wp\/v2\/tags?post=7540"}],"curies":[{"name":"wp","href":"https:\/\/api.w.org\/{rel}","templated":true}]}}