{"id":7551,"date":"2025-09-14T15:02:20","date_gmt":"2025-09-14T14:02:20","guid":{"rendered":"https:\/\/www.ecletismomusical.pt\/?p=7551"},"modified":"2025-09-14T15:02:26","modified_gmt":"2025-09-14T14:02:26","slug":"new-single-gorillaz-the-happy-dictator-feat-sparks","status":"publish","type":"post","link":"https:\/\/www.ecletismomusical.pt\/en\/new-single-gorillaz-the-happy-dictator-feat-sparks\/","title":{"rendered":"[New Single] Gorillaz &#8211; The Happy Dictator (feat. Sparks)"},"content":{"rendered":"<p>O single \u201cThe Happy Dictator\u201d, colabora\u00e7\u00e3o entre <strong><a href=\"https:\/\/www.instagram.com\/gorillaz\/\">Gorillaz<\/a><\/strong> e os irm\u00e3os <a href=\"https:\/\/www.instagram.com\/sparks_official\/\">Sparks<\/a>, \u00e9 o primeiro avan\u00e7o do \u00e1lbum <em>The Mountain<\/em>, com lan\u00e7amento marcado para <strong>20 de mar\u00e7o de 2026<\/strong>. O tema serve de porta de entrada para a nova fase da banda virtual, agora sob o seu pr\u00f3prio selo, <strong>KONG<\/strong>, explorando temas pol\u00edticos, existenciais e art\u00edsticos.<\/p>\n\n\n\n<div class=\"wp-block-embed__wrapper\">\n<iframe width=\"900\" height=\"675\" src=\"https:\/\/www.youtube.com\/embed\/vj7ojnHixOg?feature=oembed\" frameborder=\"0\" allowfullscreen><\/iframe>\n<\/div>\n\n\n\n<p>A sonoridade transporta-nos para um universo que mistura o pop-rock dos anos 80 com camadas de art-pop, onde a est\u00e9tica exuberante dos Sparks encontra a entrega contida e quase narrativa de Damon Albarn. O resultado \u00e9 um contraste: a melodia parece luminosa e at\u00e9 divertida, mas o subtexto \u00e9 denso, desconfort\u00e1vel, cheio de ironia.<\/p>\n\n\n\n<div class=\"wp-block-embed__wrapper\">\n<iframe style=\"border-radius: 12px\" width=\"100%\" height=\"152\" frameborder=\"0\" allowfullscreen src=\"https:\/\/open.spotify.com\/embed\/track\/7pIB4HGio2mg7CWuBcLYlL?si=JEGsonjlTie6rCpEia0sZA&#038;utm_source=oembed\"><\/iframe>\n<\/div>\n\n\n\n<p>Na letra, o \u201cditador feliz\u201d apresenta-se como salvador, oferecendo paz, esperan\u00e7a e noites tranquilas, prometendo um mundo sem m\u00e1s not\u00edcias. Mas esse mesmo discurso, t\u00e3o envolto em benevol\u00eancia, deixa entrever o outro lado: a manipula\u00e7\u00e3o, a sedu\u00e7\u00e3o do poder, a sombra escondida atr\u00e1s da m\u00e1scara. <\/p>\n\n\n\n<p>Muito atual nos nossos tempos.<\/p>","protected":false},"excerpt":{"rendered":"<p>O single \u201cThe Happy Dictator\u201d, colabora\u00e7\u00e3o entre Gorillaz e os irm\u00e3os Sparks, \u00e9 o primeiro avan\u00e7o do \u00e1lbum The Mountain, com lan\u00e7amento marcado para 20 de mar\u00e7o de 2026. O tema serve de porta de entrada para a nova fase da banda virtual, agora sob o seu pr\u00f3prio selo, KONG, explorando temas pol\u00edticos, existenciais e<\/p>","protected":false},"author":1,"featured_media":7554,"comment_status":"open","ping_status":"open","sticky":false,"template":"","format":"standard","meta":[],"categories":[1,26],"tags":[122,87],"_links":{"self":[{"href":"https:\/\/www.ecletismomusical.pt\/en\/wp-json\/wp\/v2\/posts\/7551"}],"collection":[{"href":"https:\/\/www.ecletismomusical.pt\/en\/wp-json\/wp\/v2\/posts"}],"about":[{"href":"https:\/\/www.ecletismomusical.pt\/en\/wp-json\/wp\/v2\/types\/post"}],"author":[{"embeddable":true,"href":"https:\/\/www.ecletismomusical.pt\/en\/wp-json\/wp\/v2\/users\/1"}],"replies":[{"embeddable":true,"href":"https:\/\/www.ecletismomusical.pt\/en\/wp-json\/wp\/v2\/comments?post=7551"}],"version-history":[{"count":1,"href":"https:\/\/www.ecletismomusical.pt\/en\/wp-json\/wp\/v2\/posts\/7551\/revisions"}],"predecessor-version":[{"id":7553,"href":"https:\/\/www.ecletismomusical.pt\/en\/wp-json\/wp\/v2\/posts\/7551\/revisions\/7553"}],"wp:featuredmedia":[{"embeddable":true,"href":"https:\/\/www.ecletismomusical.pt\/en\/wp-json\/wp\/v2\/media\/7554"}],"wp:attachment":[{"href":"https:\/\/www.ecletismomusical.pt\/en\/wp-json\/wp\/v2\/media?parent=7551"}],"wp:term":[{"taxonomy":"category","embeddable":true,"href":"https:\/\/www.ecletismomusical.pt\/en\/wp-json\/wp\/v2\/categories?post=7551"},{"taxonomy":"post_tag","embeddable":true,"href":"https:\/\/www.ecletismomusical.pt\/en\/wp-json\/wp\/v2\/tags?post=7551"}],"curies":[{"name":"wp","href":"https:\/\/api.w.org\/{rel}","templated":true}]}}