{"id":7565,"date":"2025-09-15T12:09:59","date_gmt":"2025-09-15T11:09:59","guid":{"rendered":"https:\/\/www.ecletismomusical.pt\/?p=7565"},"modified":"2025-09-15T12:10:05","modified_gmt":"2025-09-15T11:10:05","slug":"worth-listening-to-julio-resende-rua-do-capelao-piano-portugues-namora-guitarra-portuguesa","status":"publish","type":"post","link":"https:\/\/www.ecletismomusical.pt\/en\/worth-listening-to-julio-resende-rua-do-capelao-piano-portugues-namora-guitarra-portuguesa\/","title":{"rendered":"[Worth Listening to] J\u00falio Resende &#8211; Rua do Capel\u00e3o &#8211; \u201cPiano Portugu\u00eas namora Guitarra Portuguesa"},"content":{"rendered":"<p><a href=\"https:\/\/www.instagram.com\/julioresende.piano\/?hl=en\">J\u00falio Resende<\/a>, pianista de corpo inteiro, com um percurso que atravessa o jazz, a m\u00fasica cl\u00e1ssica e o fado, tem vindo a construir a ideia de um piano portugu\u00eas, capaz de transportar a alma da saudade, de a reinventar sempre em dialogo com a tradi\u00e7\u00e3o.<\/p>\n\n\n\n<p>No v\u00eddeo de <strong>\u201cRua do Capel\u00e3o \u2014 Piano Portugu\u00eas namora Guitarra Portuguesa\u201d<\/strong>, a proposta ganha forma concreta. A guitarra portuguesa, magistralmente tocada por Bruno Chaveiro, surge n\u00e3o como sombra ou mero acompanhamento, mas como parceira de igual estatuto.<\/p>\n\n\n\n<div class=\"wp-block-embed__wrapper\">\n<iframe width=\"900\" height=\"506\" src=\"https:\/\/www.youtube.com\/embed\/GgbSr6O2vfc?feature=oembed\" frameborder=\"0\" allowfullscreen><\/iframe>\n<\/div>\n\n\n\n<p>A melodia respira tradi\u00e7\u00e3o, mas a harmonia abre janelas inesperadas. O resultado n\u00e3o \u00e9 nem Fado puro, nem Jazz puro, \u00e9 m\u00fasica, \u00e9 \u00abFado-Jazz\u00bb, \u00e9 sobretudo emo\u00e7\u00e3o, numa conversa \u00edntima, um namoro sonoro em que ambos os instrumentos se testam, se escutam e se desafiam.<\/p>\n\n\n\n<p>O disco de estreia deste dueto &#8220;Piano Portugu\u00eas Namora Guitarra Portuguesa&#8221; tem data de lan\u00e7amento dia 1 de outubro de 2025. Lan\u00e7ado como edi\u00e7\u00e3o especial de autor, pode j\u00e1 ser encomendado via redes sociais do pr\u00f3prio.<\/p>\n\n\n\n<p>Segundo o pr\u00f3prio:<\/p>\n\n\n\n<p><em>Pode um piano namorar uma guitarra? <\/em><\/p>\n\n\n\n<p><em>Eu diria que sim. E as pessoas que namoram, aprendem uma com a outra? Quando amam e s\u00e3o espertas sim, quando n\u00e3o desejam crescer, n\u00e3o. Acho que o meu \u201cPiano Portugu\u00eas\u201d nasceu e cresceu da minha rela\u00e7\u00e3o longa com o Fado e com a escuta atent\u00edssima da guitarra portuguesa. Este \u00e9 um disco que pretende mais uma vez caminhar, com um p\u00e9 colocado no territ\u00f3rio dos nossos antepassados e am\u00e1-los dessa maneira, e o outro p\u00e9 colocado sobre um outro caminho &#8211; alternativo, renovado, eventualmente at\u00e9 inovador &#8211; para esse som. Mas isso n\u00e3o me compete a mim decidir. Eu s\u00f3 caminho. E este disco \u00e9 o resultado de eu procurar sempre me lembrar de quem sou e de onde vim.<\/em><\/p>","protected":false},"excerpt":{"rendered":"<p>J\u00falio Resende, pianista de corpo inteiro, com um percurso que atravessa o jazz, a m\u00fasica cl\u00e1ssica e o fado, tem vindo a construir a ideia de um piano portugu\u00eas, capaz de transportar a alma da saudade, de a reinventar sempre em dialogo com a tradi\u00e7\u00e3o. No v\u00eddeo de \u201cRua do Capel\u00e3o \u2014 Piano Portugu\u00eas namora<\/p>","protected":false},"author":1,"featured_media":7568,"comment_status":"open","ping_status":"open","sticky":false,"template":"","format":"standard","meta":[],"categories":[1,529,26,30],"tags":[1189,1304,87,977,115],"_links":{"self":[{"href":"https:\/\/www.ecletismomusical.pt\/en\/wp-json\/wp\/v2\/posts\/7565"}],"collection":[{"href":"https:\/\/www.ecletismomusical.pt\/en\/wp-json\/wp\/v2\/posts"}],"about":[{"href":"https:\/\/www.ecletismomusical.pt\/en\/wp-json\/wp\/v2\/types\/post"}],"author":[{"embeddable":true,"href":"https:\/\/www.ecletismomusical.pt\/en\/wp-json\/wp\/v2\/users\/1"}],"replies":[{"embeddable":true,"href":"https:\/\/www.ecletismomusical.pt\/en\/wp-json\/wp\/v2\/comments?post=7565"}],"version-history":[{"count":2,"href":"https:\/\/www.ecletismomusical.pt\/en\/wp-json\/wp\/v2\/posts\/7565\/revisions"}],"predecessor-version":[{"id":7569,"href":"https:\/\/www.ecletismomusical.pt\/en\/wp-json\/wp\/v2\/posts\/7565\/revisions\/7569"}],"wp:featuredmedia":[{"embeddable":true,"href":"https:\/\/www.ecletismomusical.pt\/en\/wp-json\/wp\/v2\/media\/7568"}],"wp:attachment":[{"href":"https:\/\/www.ecletismomusical.pt\/en\/wp-json\/wp\/v2\/media?parent=7565"}],"wp:term":[{"taxonomy":"category","embeddable":true,"href":"https:\/\/www.ecletismomusical.pt\/en\/wp-json\/wp\/v2\/categories?post=7565"},{"taxonomy":"post_tag","embeddable":true,"href":"https:\/\/www.ecletismomusical.pt\/en\/wp-json\/wp\/v2\/tags?post=7565"}],"curies":[{"name":"wp","href":"https:\/\/api.w.org\/{rel}","templated":true}]}}