{"id":7575,"date":"2025-09-16T16:14:00","date_gmt":"2025-09-16T15:14:00","guid":{"rendered":"https:\/\/www.ecletismomusical.pt\/?p=7575"},"modified":"2025-09-16T16:22:46","modified_gmt":"2025-09-16T15:22:46","slug":"new-single-ilira-deer-in-headlights","status":"publish","type":"post","link":"https:\/\/www.ecletismomusical.pt\/en\/new-single-ilira-deer-in-headlights\/","title":{"rendered":"[New Single] ILIRA &#8211; Deer in Headlights"},"content":{"rendered":"<p><a href=\"https:\/\/www.instagram.com\/iliramusic\/\">ILIRA<\/a> \u00e9 uma das vozes mais singulares da pop contempor\u00e2nea, n\u00e3o evitando compara\u00e7\u00f5es inevit\u00e1veis com Lana Del Rey, vai-se movendo entre a vulnerabilidade crua e a afirma\u00e7\u00e3o de identidade com uma energia que a distingue no atual panorama musical. De origem su\u00ed\u00e7a com ra\u00edzes no Kosovo, a artista tem vindo a consolidar um percurso que une a intensidade emocional da escrita com a for\u00e7a de uma performance que nunca se contenta com o \u00f3bvio.<\/p>\n\n\n\n<div class=\"wp-block-embed__wrapper\">\n<iframe width=\"900\" height=\"675\" src=\"https:\/\/www.youtube.com\/embed\/SyYCr7k3RaA?feature=oembed\" frameborder=\"0\" allowfullscreen><\/iframe>\n<\/div>\n\n\n\n<p><strong>\u201cDeer in Headlights\u201d<\/strong> mostra bem essa dualidade: uma can\u00e7\u00e3o que nasce do confronto entre fragilidade e resist\u00eancia, descrevendo o momento paralisante que antecede a rutura definitiva de uma rela\u00e7\u00e3o. ILIRA canta sobre a dolorosa realidade de amar algu\u00e9m que n\u00e3o oferece prote\u00e7\u00e3o, sobre a incapacidade de se libertar de um la\u00e7o que h\u00e1 muito a corr\u00f3i por dentro.<\/p>\n\n\n\n<div class=\"wp-block-embed__wrapper\">\n<iframe style=\"border-radius: 12px\" width=\"100%\" height=\"352\" frameborder=\"0\" allowfullscreen src=\"https:\/\/open.spotify.com\/embed\/album\/16NWmB4YJjO4hsTO0Xy1gN?si=bcfw_61GRNm2XKR8mTTmjg&#038;utm_source=oembed\"><\/iframe>\n<\/div>\n\n\n\n<p>Esta m\u00fasica ficar\u00e1 igualmente para sempre marcada na vida de ILIRA, uma vez que a artista revelou que esta foi a can\u00e7\u00e3o preferida do seu pai, que a escutava repetidamente ainda em vers\u00e3o demo, e que faleceu repentinamente a 20 de agosto. <\/p>\n\n\n\n<p><\/p>","protected":false},"excerpt":{"rendered":"<p>ILIRA \u00e9 uma das vozes mais singulares da pop contempor\u00e2nea, n\u00e3o evitando compara\u00e7\u00f5es inevit\u00e1veis com Lana Del Rey, vai-se movendo entre a vulnerabilidade crua e a afirma\u00e7\u00e3o de identidade com uma energia que a distingue no atual panorama musical. De origem su\u00ed\u00e7a com ra\u00edzes no Kosovo, a artista tem vindo a consolidar um percurso que<\/p>","protected":false},"author":1,"featured_media":7580,"comment_status":"open","ping_status":"open","sticky":false,"template":"","format":"standard","meta":[],"categories":[1,26],"tags":[1306,87],"_links":{"self":[{"href":"https:\/\/www.ecletismomusical.pt\/en\/wp-json\/wp\/v2\/posts\/7575"}],"collection":[{"href":"https:\/\/www.ecletismomusical.pt\/en\/wp-json\/wp\/v2\/posts"}],"about":[{"href":"https:\/\/www.ecletismomusical.pt\/en\/wp-json\/wp\/v2\/types\/post"}],"author":[{"embeddable":true,"href":"https:\/\/www.ecletismomusical.pt\/en\/wp-json\/wp\/v2\/users\/1"}],"replies":[{"embeddable":true,"href":"https:\/\/www.ecletismomusical.pt\/en\/wp-json\/wp\/v2\/comments?post=7575"}],"version-history":[{"count":1,"href":"https:\/\/www.ecletismomusical.pt\/en\/wp-json\/wp\/v2\/posts\/7575\/revisions"}],"predecessor-version":[{"id":7579,"href":"https:\/\/www.ecletismomusical.pt\/en\/wp-json\/wp\/v2\/posts\/7575\/revisions\/7579"}],"wp:featuredmedia":[{"embeddable":true,"href":"https:\/\/www.ecletismomusical.pt\/en\/wp-json\/wp\/v2\/media\/7580"}],"wp:attachment":[{"href":"https:\/\/www.ecletismomusical.pt\/en\/wp-json\/wp\/v2\/media?parent=7575"}],"wp:term":[{"taxonomy":"category","embeddable":true,"href":"https:\/\/www.ecletismomusical.pt\/en\/wp-json\/wp\/v2\/categories?post=7575"},{"taxonomy":"post_tag","embeddable":true,"href":"https:\/\/www.ecletismomusical.pt\/en\/wp-json\/wp\/v2\/tags?post=7575"}],"curies":[{"name":"wp","href":"https:\/\/api.w.org\/{rel}","templated":true}]}}