{"id":772,"date":"2007-10-01T22:38:00","date_gmt":"2007-10-01T22:38:00","guid":{"rendered":"https:\/\/ecletismomusical.pt\/eddie-singer-songwriter-vedder\/"},"modified":"2007-10-01T22:38:00","modified_gmt":"2007-10-01T22:38:00","slug":"eddie-singer-songwriter-vedder","status":"publish","type":"post","link":"https:\/\/www.ecletismomusical.pt\/en\/eddie-singer-songwriter-vedder\/","title":{"rendered":"Eddie (Singer-songwriter) Vedder"},"content":{"rendered":"<p><a href=\"http:\/\/www.intothewild.com\/\"><img style=\"width: 254px;height: 236px\" src=\"http:\/\/ec1.images-amazon.com\/images\/I\/51r-20zk8iL._SS400_.jpg\" \/><\/a><br \/><span style=\"font-family: arial\"><a href=\"http:\/\/www.intothewild.com\/\">Into the Wild<\/a> &#8211; Eddie Vedder (Soundtrack)<\/span><\/p>\n<div style=\"text-align: justify\"><span style=\"font-family: arial\">O carism\u00e1tico l\u00edder dos <span style=\"font-weight: bold\">Pearl Jam<\/span>, no seu primeiro registo totalmente a solo, apresenta-nos um conjunto de baladas ao bom estilo singer-songwriter. Um grande \u00e1lbum, para um grande filme de <span style=\"font-weight: bold\">Sean Penn<\/span> baseado no liv<span style=\"font-family: arial\">ro de <\/span><span style=\"font-weight: bold\">Jon Krakauer<\/span> que conta a hist\u00f3ria ver\u00eddica de um jovem bem sucedido que resolveu largar tudo e ir \u00e0 boleia at\u00e9 ao Alaska.<\/span><\/div>\n<p><\/p>","protected":false},"excerpt":{"rendered":"<p>Into the Wild &#8211; Eddie Vedder (Soundtrack) O carism\u00e1tico l\u00edder dos Pearl Jam, no seu primeiro registo totalmente a solo, apresenta-nos um conjunto de baladas ao bom estilo singer-songwriter. Um grande \u00e1lbum, para um grande filme de Sean Penn baseado no livro de Jon Krakauer que conta a hist\u00f3ria ver\u00eddica de um jovem bem sucedido<\/p>","protected":false},"author":1,"featured_media":0,"comment_status":"open","ping_status":"open","sticky":false,"template":"","format":"standard","meta":[],"categories":[1],"tags":[],"_links":{"self":[{"href":"https:\/\/www.ecletismomusical.pt\/en\/wp-json\/wp\/v2\/posts\/772"}],"collection":[{"href":"https:\/\/www.ecletismomusical.pt\/en\/wp-json\/wp\/v2\/posts"}],"about":[{"href":"https:\/\/www.ecletismomusical.pt\/en\/wp-json\/wp\/v2\/types\/post"}],"author":[{"embeddable":true,"href":"https:\/\/www.ecletismomusical.pt\/en\/wp-json\/wp\/v2\/users\/1"}],"replies":[{"embeddable":true,"href":"https:\/\/www.ecletismomusical.pt\/en\/wp-json\/wp\/v2\/comments?post=772"}],"version-history":[{"count":0,"href":"https:\/\/www.ecletismomusical.pt\/en\/wp-json\/wp\/v2\/posts\/772\/revisions"}],"wp:attachment":[{"href":"https:\/\/www.ecletismomusical.pt\/en\/wp-json\/wp\/v2\/media?parent=772"}],"wp:term":[{"taxonomy":"category","embeddable":true,"href":"https:\/\/www.ecletismomusical.pt\/en\/wp-json\/wp\/v2\/categories?post=772"},{"taxonomy":"post_tag","embeddable":true,"href":"https:\/\/www.ecletismomusical.pt\/en\/wp-json\/wp\/v2\/tags?post=772"}],"curies":[{"name":"wp","href":"https:\/\/api.w.org\/{rel}","templated":true}]}}