{"id":773,"date":"2007-09-30T20:54:00","date_gmt":"2007-09-30T20:54:00","guid":{"rendered":"https:\/\/ecletismomusical.pt\/in-our-nature\/"},"modified":"2007-09-30T20:54:00","modified_gmt":"2007-09-30T20:54:00","slug":"in-our-nature","status":"publish","type":"post","link":"https:\/\/www.ecletismomusical.pt\/en\/in-our-nature\/","title":{"rendered":"In Our Nature"},"content":{"rendered":"<p><a href=\"http:\/\/www.jose-gonzalez.com\/\"><img style=\"width: 232px;height: 232px\" src=\"http:\/\/ec1.images-amazon.com\/images\/I\/41mCVPiYjQL._SS500_.jpg\" \/><\/a><br \/><span style=\"font-family:arial\"><a href=\"http:\/\/www.jose-gonzalez.com\/\">In Our Nature<\/a> &#8211; Jos\u00e9 Gonz\u00e1lez<\/span><\/p>\n<p><span style=\"font-family:arial\">Singer-songwriter denso e sombrio&#8230;<\/span><\/p>\n<p><span style=\"font-family:arial\">Down The Line &#8211; Jos\u00e9 Gonz\u00e1lez<\/span><br \/><\/p>","protected":false},"excerpt":{"rendered":"<p>In Our Nature &#8211; Jos\u00e9 Gonz\u00e1lez Singer-songwriter denso e sombrio&#8230; Down The Line &#8211; Jos\u00e9 Gonz\u00e1lez<\/p>","protected":false},"author":1,"featured_media":0,"comment_status":"open","ping_status":"open","sticky":false,"template":"","format":"standard","meta":[],"categories":[1],"tags":[],"_links":{"self":[{"href":"https:\/\/www.ecletismomusical.pt\/en\/wp-json\/wp\/v2\/posts\/773"}],"collection":[{"href":"https:\/\/www.ecletismomusical.pt\/en\/wp-json\/wp\/v2\/posts"}],"about":[{"href":"https:\/\/www.ecletismomusical.pt\/en\/wp-json\/wp\/v2\/types\/post"}],"author":[{"embeddable":true,"href":"https:\/\/www.ecletismomusical.pt\/en\/wp-json\/wp\/v2\/users\/1"}],"replies":[{"embeddable":true,"href":"https:\/\/www.ecletismomusical.pt\/en\/wp-json\/wp\/v2\/comments?post=773"}],"version-history":[{"count":0,"href":"https:\/\/www.ecletismomusical.pt\/en\/wp-json\/wp\/v2\/posts\/773\/revisions"}],"wp:attachment":[{"href":"https:\/\/www.ecletismomusical.pt\/en\/wp-json\/wp\/v2\/media?parent=773"}],"wp:term":[{"taxonomy":"category","embeddable":true,"href":"https:\/\/www.ecletismomusical.pt\/en\/wp-json\/wp\/v2\/categories?post=773"},{"taxonomy":"post_tag","embeddable":true,"href":"https:\/\/www.ecletismomusical.pt\/en\/wp-json\/wp\/v2\/tags?post=773"}],"curies":[{"name":"wp","href":"https:\/\/api.w.org\/{rel}","templated":true}]}}