{"id":774,"date":"2007-09-18T10:22:00","date_gmt":"2007-09-18T10:22:00","guid":{"rendered":"https:\/\/ecletismomusical.pt\/eclectismo-musical-3-anos\/"},"modified":"2007-09-18T10:22:00","modified_gmt":"2007-09-18T10:22:00","slug":"eclectismo-musical-3-anos","status":"publish","type":"post","link":"https:\/\/www.ecletismomusical.pt\/en\/eclectismo-musical-3-anos\/","title":{"rendered":"Eclectismo Musical &#8211; 3 anos"},"content":{"rendered":"<div><span style=\"font-family:arial\">Este blog fez <strong>3 anos<\/strong> no passado dia 10 de Setembro. Obrigado a todos os que por aqui v\u00e3o passando e um agradecimento especial a todos os que enviam e-mails com coment\u00e1rios e sugest\u00f5es. <\/span><\/div>\n<div><span style=\"font-family:arial\"><\/span><\/div>\n<div><span style=\"font-family:arial\">Muito Obrigado.<\/span><\/div>\n<p><span style=\"font-family:Arial\"><\/span><\/p>\n<div><span style=\"font-family:trebuchet ms;font-size:85%\"><em>&#8220;reduz as necessidades se queres passar bem&#8230;que a depend\u00eancia \u00e9 uma besta que d\u00e1 cabo do desejo&#8230;e a liberdade \u00e9 uma maluca que sabe quanto vale um beijo&#8221;<\/em><\/span> <\/div>\n<div><\/p>\n<p><img src=\"http:\/\/services.nexodyne.com\/email\/icon\/V9WelGM.c80is%2BrAPk%2BxdPQ%3D\/w4gMEWw%3D\/R01haWw%3D\/0\/image.png\" \/><\/div>","protected":false},"excerpt":{"rendered":"<p>Este blog fez 3 anos no passado dia 10 de Setembro. Obrigado a todos os que por aqui v\u00e3o passando e um agradecimento especial a todos os que enviam e-mails com coment\u00e1rios e sugest\u00f5es. Muito Obrigado. &#8220;reduz as necessidades se queres passar bem&#8230;que a depend\u00eancia \u00e9 uma besta que d\u00e1 cabo do desejo&#8230;e a liberdade<\/p>","protected":false},"author":1,"featured_media":0,"comment_status":"open","ping_status":"open","sticky":false,"template":"","format":"standard","meta":[],"categories":[1],"tags":[],"_links":{"self":[{"href":"https:\/\/www.ecletismomusical.pt\/en\/wp-json\/wp\/v2\/posts\/774"}],"collection":[{"href":"https:\/\/www.ecletismomusical.pt\/en\/wp-json\/wp\/v2\/posts"}],"about":[{"href":"https:\/\/www.ecletismomusical.pt\/en\/wp-json\/wp\/v2\/types\/post"}],"author":[{"embeddable":true,"href":"https:\/\/www.ecletismomusical.pt\/en\/wp-json\/wp\/v2\/users\/1"}],"replies":[{"embeddable":true,"href":"https:\/\/www.ecletismomusical.pt\/en\/wp-json\/wp\/v2\/comments?post=774"}],"version-history":[{"count":0,"href":"https:\/\/www.ecletismomusical.pt\/en\/wp-json\/wp\/v2\/posts\/774\/revisions"}],"wp:attachment":[{"href":"https:\/\/www.ecletismomusical.pt\/en\/wp-json\/wp\/v2\/media?parent=774"}],"wp:term":[{"taxonomy":"category","embeddable":true,"href":"https:\/\/www.ecletismomusical.pt\/en\/wp-json\/wp\/v2\/categories?post=774"},{"taxonomy":"post_tag","embeddable":true,"href":"https:\/\/www.ecletismomusical.pt\/en\/wp-json\/wp\/v2\/tags?post=774"}],"curies":[{"name":"wp","href":"https:\/\/api.w.org\/{rel}","templated":true}]}}