{"id":778,"date":"2007-08-25T17:11:00","date_gmt":"2007-08-25T17:11:00","guid":{"rendered":"https:\/\/ecletismomusical.pt\/epoca-balnear-balanco\/"},"modified":"2007-08-25T17:11:00","modified_gmt":"2007-08-25T17:11:00","slug":"epoca-balnear-balanco","status":"publish","type":"post","link":"https:\/\/www.ecletismomusical.pt\/en\/epoca-balnear-balanco\/","title":{"rendered":"\u00c9poca Balnear  &#8211; Balan\u00e7o"},"content":{"rendered":"<div style=\"text-align: justify\"><span style=\"font-family:arial\">Com a \u00e9poca balnear a terminar (hoje parece mesmo um dia de Novembro)deixaremos aqui alguns dos discos que acompanharam o <span style=\"font-weight: bold\">EM<\/span> e que merecem uma audi\u00e7\u00e3o cuidada.<\/span><\/p>\n<p><span style=\"font-family:arial\">Quando, alguns arautos da desgra\u00e7a, apregoam que n\u00e3o existe m\u00fasica portuguesa de qualidade d\u00e1 vontade de perguntar se, por exemplo, j\u00e1 ouviram os novos albuns de:<\/span><\/div>\n<p><a href=\"http:\/\/www.mariajoao.org\/\"><img style=\"font-family: arial\" src=\"http:\/\/www.mariajoao.org\/discografia\/joao\/150_capa_joao.jpg\" \/><\/a><br \/><a style=\"font-family: arial\" href=\"http:\/\/www.mariajoao.org\/\">Maria Jo\u00e3o<\/a><span style=\"font-family:arial\"> &#8211; Jo\u00e3o<\/span><\/p>\n<p><a href=\"http:\/\/www.cdgo.com\/artigoDetalhe.php?idArtigo=3579759\"><img style=\"cursor: pointer;width: 150px;height: 150px\" src=\"http:\/\/1.bp.blogspot.com\/_D55cn-YT1LU\/RtBamvOouoI\/AAAAAAAAABA\/YyndEQ99hNs\/s320\/poeira.JPG\" alt=\"\" id=\"BLOGGER_PHOTO_ID_5102677999370156674\" \/><\/a><br \/><span style=\"font-family:arial\"><a href=\"http:\/\/www.cdgo.com\/artigoDetalhe.php?idArtigo=3579759\">Jorge Cruz<\/a> &#8211; Poeira<\/span><\/p>\n<p><a href=\"http:\/\/www.jorgepalma.web.pt\/\"><img style=\"width: 142px;height: 127px\" src=\"http:\/\/www.zebramusicstore.com\/images\/ppalmajorgeultimo.jpg\" \/><\/a><br \/><span style=\"font-family:arial\"><a href=\"http:\/\/www.jorgepalma.web.pt\/\">Jorge Palma<\/a> &#8211; Voo Nocturno<\/span><\/p>\n<p><img src=\"http:\/\/pedroabrunhosa.paginas.sapo.pt\/capacd.jpg\" \/><br \/><span style=\"font-size:100%\"><a href=\"http:\/\/www.abrunhosa.oninet.pt\/index.asp\">Pedro Abrunhosa<\/a> &#8211; Luz<\/span><\/p>\n<p><span style=\"font-size:78%\">(Continua)<br \/><\/span><\/p>","protected":false},"excerpt":{"rendered":"<p>Com a \u00e9poca balnear a terminar (hoje parece mesmo um dia de Novembro)deixaremos aqui alguns dos discos que acompanharam o EM e que merecem uma audi\u00e7\u00e3o cuidada. Quando, alguns arautos da desgra\u00e7a, apregoam que n\u00e3o existe m\u00fasica portuguesa de qualidade d\u00e1 vontade de perguntar se, por exemplo, j\u00e1 ouviram os novos albuns de: Maria Jo\u00e3o<\/p>","protected":false},"author":1,"featured_media":0,"comment_status":"open","ping_status":"open","sticky":false,"template":"","format":"standard","meta":[],"categories":[1],"tags":[],"_links":{"self":[{"href":"https:\/\/www.ecletismomusical.pt\/en\/wp-json\/wp\/v2\/posts\/778"}],"collection":[{"href":"https:\/\/www.ecletismomusical.pt\/en\/wp-json\/wp\/v2\/posts"}],"about":[{"href":"https:\/\/www.ecletismomusical.pt\/en\/wp-json\/wp\/v2\/types\/post"}],"author":[{"embeddable":true,"href":"https:\/\/www.ecletismomusical.pt\/en\/wp-json\/wp\/v2\/users\/1"}],"replies":[{"embeddable":true,"href":"https:\/\/www.ecletismomusical.pt\/en\/wp-json\/wp\/v2\/comments?post=778"}],"version-history":[{"count":0,"href":"https:\/\/www.ecletismomusical.pt\/en\/wp-json\/wp\/v2\/posts\/778\/revisions"}],"wp:attachment":[{"href":"https:\/\/www.ecletismomusical.pt\/en\/wp-json\/wp\/v2\/media?parent=778"}],"wp:term":[{"taxonomy":"category","embeddable":true,"href":"https:\/\/www.ecletismomusical.pt\/en\/wp-json\/wp\/v2\/categories?post=778"},{"taxonomy":"post_tag","embeddable":true,"href":"https:\/\/www.ecletismomusical.pt\/en\/wp-json\/wp\/v2\/tags?post=778"}],"curies":[{"name":"wp","href":"https:\/\/api.w.org\/{rel}","templated":true}]}}