{"id":7792,"date":"2025-10-14T09:14:00","date_gmt":"2025-10-14T08:14:00","guid":{"rendered":"https:\/\/www.ecletismomusical.pt\/?p=7792"},"modified":"2025-10-14T09:13:42","modified_gmt":"2025-10-14T08:13:42","slug":"new-songs-alina-baraz-galimatias-more-to-life-and-blue","status":"publish","type":"post","link":"https:\/\/www.ecletismomusical.pt\/en\/new-songs-alina-baraz-galimatias-more-to-life-and-blue\/","title":{"rendered":"[New Songs] Alina Baraz &#038; Galimatias &#8211; More To Life and Blue"},"content":{"rendered":"<p><a href=\"https:\/\/www.instagram.com\/alinabaraz\/\">Alina Baraz<\/a> and <a href=\"https:\/\/www.instagram.com\/galimatias\/\">Galimatias<\/a> s\u00e3o dois nomes que se cruzaram na paisagem sonora do R&amp;B alternativo e da eletr\u00f3nica downtempo. Em 2015, lan\u00e7aram o <strong>EP <em>Urban Flora<\/em><\/strong>, uma colabora\u00e7\u00e3o que nasceu de uma conex\u00e3o virtual. Baraz, cantora americana de Cleveland, e Galimatias, produtor dinamarqu\u00eas, come\u00e7aram a trocar m\u00fasicas e ideias atrav\u00e9s do Facebook, sem nunca se encontrarem pessoalmente at\u00e9 o projeto estar conclu\u00eddo. <\/p>\n\n\n\n<div class=\"wp-block-embed__wrapper\">\n<iframe width=\"900\" height=\"506\" src=\"https:\/\/www.youtube.com\/embed\/RXyZYuHDYnc?feature=oembed\" frameborder=\"0\" allowfullscreen><\/iframe>\n<\/div>\n\n\n\n<div class=\"wp-block-embed__wrapper\">\n<iframe width=\"900\" height=\"506\" src=\"https:\/\/www.youtube.com\/embed\/8S1cvrUlnlU?feature=oembed\" frameborder=\"0\" allowfullscreen><\/iframe>\n<\/div>\n\n\n\n<p>Em 2025, para comemorar o d\u00e9cimo anivers\u00e1rio de <em>Urban Flora<\/em>, Baraz e Galimatias lan\u00e7aram <strong><em>Urban Flora: Lost Sequels<\/em>,<\/strong> uma surpresa para os f\u00e3s que inclui novas faixas in\u00e9ditas, mantendo a ess\u00eancia que os tornou conhecidos. <\/p>\n\n\n\n<div class=\"wp-block-embed__wrapper\">\n<iframe style=\"border-radius: 12px\" width=\"100%\" height=\"352\" frameborder=\"0\" allowfullscreen src=\"https:\/\/open.spotify.com\/embed\/album\/1VCLPkPtFtMgpaOC1eyDXq?utm_source=oembed\"><\/iframe>\n<\/div>\n\n\n\n<p><\/p>","protected":false},"excerpt":{"rendered":"<p>Alina Baraz e Galimatias s\u00e3o dois nomes que se cruzaram na paisagem sonora do R&amp;B alternativo e da eletr\u00f3nica downtempo. Em 2015, lan\u00e7aram o EP Urban Flora, uma colabora\u00e7\u00e3o que nasceu de uma conex\u00e3o virtual. Baraz, cantora americana de Cleveland, e Galimatias, produtor dinamarqu\u00eas, come\u00e7aram a trocar m\u00fasicas e ideias atrav\u00e9s do Facebook, sem nunca<\/p>","protected":false},"author":1,"featured_media":7793,"comment_status":"open","ping_status":"open","sticky":false,"template":"","format":"standard","meta":[],"categories":[1,1156,26],"tags":[1359,1360,580],"_links":{"self":[{"href":"https:\/\/www.ecletismomusical.pt\/en\/wp-json\/wp\/v2\/posts\/7792"}],"collection":[{"href":"https:\/\/www.ecletismomusical.pt\/en\/wp-json\/wp\/v2\/posts"}],"about":[{"href":"https:\/\/www.ecletismomusical.pt\/en\/wp-json\/wp\/v2\/types\/post"}],"author":[{"embeddable":true,"href":"https:\/\/www.ecletismomusical.pt\/en\/wp-json\/wp\/v2\/users\/1"}],"replies":[{"embeddable":true,"href":"https:\/\/www.ecletismomusical.pt\/en\/wp-json\/wp\/v2\/comments?post=7792"}],"version-history":[{"count":1,"href":"https:\/\/www.ecletismomusical.pt\/en\/wp-json\/wp\/v2\/posts\/7792\/revisions"}],"predecessor-version":[{"id":7794,"href":"https:\/\/www.ecletismomusical.pt\/en\/wp-json\/wp\/v2\/posts\/7792\/revisions\/7794"}],"wp:featuredmedia":[{"embeddable":true,"href":"https:\/\/www.ecletismomusical.pt\/en\/wp-json\/wp\/v2\/media\/7793"}],"wp:attachment":[{"href":"https:\/\/www.ecletismomusical.pt\/en\/wp-json\/wp\/v2\/media?parent=7792"}],"wp:term":[{"taxonomy":"category","embeddable":true,"href":"https:\/\/www.ecletismomusical.pt\/en\/wp-json\/wp\/v2\/categories?post=7792"},{"taxonomy":"post_tag","embeddable":true,"href":"https:\/\/www.ecletismomusical.pt\/en\/wp-json\/wp\/v2\/tags?post=7792"}],"curies":[{"name":"wp","href":"https:\/\/api.w.org\/{rel}","templated":true}]}}