{"id":781,"date":"2007-08-06T09:20:00","date_gmt":"2007-08-06T09:20:00","guid":{"rendered":"https:\/\/ecletismomusical.pt\/cirque-du-soleil-2\/"},"modified":"2007-08-06T09:20:00","modified_gmt":"2007-08-06T09:20:00","slug":"cirque-du-soleil-2","status":"publish","type":"post","link":"https:\/\/www.ecletismomusical.pt\/en\/cirque-du-soleil-2\/","title":{"rendered":"Cirque du Soleil"},"content":{"rendered":"<div><a href=\"http:\/\/www.cirquedusoleil.com\/\"><img height=\"359\" src=\"http:\/\/a7.vox.com\/6a00c22523ce49549d00c22523ea47549d-500pi\" width=\"375\" \/><\/a><\/p>\n<p><span style=\"font-family:arial\">De <strong>26 de Julho a 26 de Agosto<\/strong>,o espect\u00e1culo <strong><a href=\"http:\/\/www.cirquedusoleil.com\/\">Alegria<\/a><\/strong>, dos magn\u00edficos <a href=\"http:\/\/www.cirquedusoleil.com\/\"><strong>Cirque du Soleil<\/strong> <\/a>de que <\/span><a href=\"http:\/\/eclectismomusical.blogspot.com\/2004\/11\/o-maior-espectculo-do-mundo.html\"><span style=\"font-family:arial\">AQUI<\/span><\/a><span style=\"font-family:arial\"> j\u00e1 se falou, despede-se da Europa em <strong>Gij\u00f3n, Asturias, Espanha<\/strong>.<\/p>\n<p>\u00c9 <strong>IMPERD\u00cdVEL<\/strong> e como tal o <strong>EM<\/strong> n\u00e3o poderia faltar!<\/p>\n<p>Ap\u00f3s <strong>26 de Agosto<\/strong> s\u00f3 no <strong>Brasil <\/strong>ser\u00e1 poss\u00edvel ver este maravilhoso espect\u00e1culo.<\/p>\n<\/div>\n<p><span style=\"font-family:arial\">Alegria &#8211; <a href=\"http:\/\/www.cirquedusoleil.com\/\">Cirque du Soleil<\/a><\/span><a href=\"http:\/\/www.cirquedusoleil.com\/\"> <\/a><br \/><\/p>\n<p>Informa-se ainda que o <a href=\"http:\/\/www.cirquedusoleil.com\/\"><strong>Cirque du Soleil<\/strong> <\/a>ir\u00e1 estar em <strong>Portugal<\/strong> pela primeira vez, <strong>de 28 de Novembro a 2 de Dezembro no <\/strong><\/span><a href=\"http:\/\/www.pavilhaoatlantico.pt\/site\/pavatl_agenda_01.asp?eventoid=248\"><span style=\"font-family:arial\"><strong>Pavilh\u00e3o Atl\u00e2ntico<\/strong><\/span><\/a><span style=\"font-family:arial\"> com o seu esp\u00e9ctaculo <strong>Delirium<\/strong>. N\u00e3o vale a pena dizer que \u00e9, mais uma vez, totalmente <strong>IMPERD\u00cdVEL!<\/strong> <\/p>\n<p><\/span><\/p>","protected":false},"excerpt":{"rendered":"<p>De 26 de Julho a 26 de Agosto,o espect\u00e1culo Alegria, dos magn\u00edficos Cirque du Soleil de que AQUI j\u00e1 se falou, despede-se da Europa em Gij\u00f3n, Asturias, Espanha. \u00c9 IMPERD\u00cdVEL e como tal o EM n\u00e3o poderia faltar! Ap\u00f3s 26 de Agosto s\u00f3 no Brasil ser\u00e1 poss\u00edvel ver este maravilhoso espect\u00e1culo. Alegria &#8211; Cirque du<\/p>","protected":false},"author":1,"featured_media":0,"comment_status":"open","ping_status":"open","sticky":false,"template":"","format":"standard","meta":[],"categories":[1],"tags":[],"_links":{"self":[{"href":"https:\/\/www.ecletismomusical.pt\/en\/wp-json\/wp\/v2\/posts\/781"}],"collection":[{"href":"https:\/\/www.ecletismomusical.pt\/en\/wp-json\/wp\/v2\/posts"}],"about":[{"href":"https:\/\/www.ecletismomusical.pt\/en\/wp-json\/wp\/v2\/types\/post"}],"author":[{"embeddable":true,"href":"https:\/\/www.ecletismomusical.pt\/en\/wp-json\/wp\/v2\/users\/1"}],"replies":[{"embeddable":true,"href":"https:\/\/www.ecletismomusical.pt\/en\/wp-json\/wp\/v2\/comments?post=781"}],"version-history":[{"count":0,"href":"https:\/\/www.ecletismomusical.pt\/en\/wp-json\/wp\/v2\/posts\/781\/revisions"}],"wp:attachment":[{"href":"https:\/\/www.ecletismomusical.pt\/en\/wp-json\/wp\/v2\/media?parent=781"}],"wp:term":[{"taxonomy":"category","embeddable":true,"href":"https:\/\/www.ecletismomusical.pt\/en\/wp-json\/wp\/v2\/categories?post=781"},{"taxonomy":"post_tag","embeddable":true,"href":"https:\/\/www.ecletismomusical.pt\/en\/wp-json\/wp\/v2\/tags?post=781"}],"curies":[{"name":"wp","href":"https:\/\/api.w.org\/{rel}","templated":true}]}}