{"id":7811,"date":"2025-10-15T17:22:58","date_gmt":"2025-10-15T16:22:58","guid":{"rendered":"https:\/\/www.ecletismomusical.pt\/?p=7811"},"modified":"2025-10-15T10:30:21","modified_gmt":"2025-10-15T09:30:21","slug":"cover-royel-otis-white-flag-dido-cover-live-siriusxm-alt-nation","status":"publish","type":"post","link":"https:\/\/www.ecletismomusical.pt\/en\/cover-royel-otis-white-flag-dido-cover-live-siriusxm-alt-nation\/","title":{"rendered":"[Cover] Royel Otis &#8211; White Flag (Dido Cover) [Live @ SiriusXM Alt Nation]"},"content":{"rendered":"<p><a href=\"https:\/\/www.instagram.com\/royelotis\/\">Royel Otis<\/a> t\u00eam vindo a tornar-se um dos fen\u00f3menos mais refrescantes do indie pop australiano. O duo de Sydney, formado por Royel Maddell e Otis Pavlovic fez uma vers\u00e3o para a SiriusXM Alt Nation, de <em>White Flag<\/em>, cl\u00e1ssico de Dido lan\u00e7ado em 2003, numa reinven\u00e7\u00e3o surpreendente.<\/p>\n\n\n\n<div class=\"wp-block-embed__wrapper\">\n<iframe width=\"900\" height=\"506\" src=\"https:\/\/www.youtube.com\/embed\/A2-wW46Dp3E?feature=oembed\" frameborder=\"0\" allowfullscreen><\/iframe>\n<\/div>\n\n\n\n<p>A voz de Otis, com o seu tom arrastado e vulner\u00e1vel, imprime ao refr\u00e3o uma esp\u00e9cie de resist\u00eancia doce, como se a bandeira branca nunca fosse totalmente erguida, porque o amor, mesmo cansado, ainda pulsa.<\/p>","protected":false},"excerpt":{"rendered":"<p>Royel Otis t\u00eam vindo a tornar-se um dos fen\u00f3menos mais refrescantes do indie pop australiano. O duo de Sydney, formado por Royel Maddell e Otis Pavlovic fez uma vers\u00e3o para a SiriusXM Alt Nation, de White Flag, cl\u00e1ssico de Dido lan\u00e7ado em 2003, numa reinven\u00e7\u00e3o surpreendente. A voz de Otis, com o seu tom arrastado<\/p>","protected":false},"author":1,"featured_media":7812,"comment_status":"open","ping_status":"open","sticky":false,"template":"","format":"standard","meta":[],"categories":[133,1],"tags":[134,1364,1222],"_links":{"self":[{"href":"https:\/\/www.ecletismomusical.pt\/en\/wp-json\/wp\/v2\/posts\/7811"}],"collection":[{"href":"https:\/\/www.ecletismomusical.pt\/en\/wp-json\/wp\/v2\/posts"}],"about":[{"href":"https:\/\/www.ecletismomusical.pt\/en\/wp-json\/wp\/v2\/types\/post"}],"author":[{"embeddable":true,"href":"https:\/\/www.ecletismomusical.pt\/en\/wp-json\/wp\/v2\/users\/1"}],"replies":[{"embeddable":true,"href":"https:\/\/www.ecletismomusical.pt\/en\/wp-json\/wp\/v2\/comments?post=7811"}],"version-history":[{"count":1,"href":"https:\/\/www.ecletismomusical.pt\/en\/wp-json\/wp\/v2\/posts\/7811\/revisions"}],"predecessor-version":[{"id":7813,"href":"https:\/\/www.ecletismomusical.pt\/en\/wp-json\/wp\/v2\/posts\/7811\/revisions\/7813"}],"wp:featuredmedia":[{"embeddable":true,"href":"https:\/\/www.ecletismomusical.pt\/en\/wp-json\/wp\/v2\/media\/7812"}],"wp:attachment":[{"href":"https:\/\/www.ecletismomusical.pt\/en\/wp-json\/wp\/v2\/media?parent=7811"}],"wp:term":[{"taxonomy":"category","embeddable":true,"href":"https:\/\/www.ecletismomusical.pt\/en\/wp-json\/wp\/v2\/categories?post=7811"},{"taxonomy":"post_tag","embeddable":true,"href":"https:\/\/www.ecletismomusical.pt\/en\/wp-json\/wp\/v2\/tags?post=7811"}],"curies":[{"name":"wp","href":"https:\/\/api.w.org\/{rel}","templated":true}]}}