{"id":7817,"date":"2025-10-16T15:28:54","date_gmt":"2025-10-16T14:28:54","guid":{"rendered":"https:\/\/www.ecletismomusical.pt\/?p=7817"},"modified":"2025-10-16T15:29:02","modified_gmt":"2025-10-16T14:29:02","slug":"new-single-maro-i-owe-it-to-you","status":"publish","type":"post","link":"https:\/\/www.ecletismomusical.pt\/en\/new-single-maro-i-owe-it-to-you\/","title":{"rendered":"[New Single] MARO &#8211; I OWE IT TO YOU"},"content":{"rendered":"<p><strong><em>So Much Has Changed<\/em> <\/strong>\u00e9 o t\u00edtulo do pr\u00f3ximo \u00e1lbum de<a href=\"https:\/\/www.instagram.com\/maro.musica\/\"> MARO<\/a>, com sa\u00edda prevista para Janeiro de 2026, mas \u00e9 tamb\u00e9m uma esp\u00e9cie de constata\u00e7\u00e3o: tudo mudou, e talvez o mais bonito seja reconhecer isso com serenidade. <\/p>\n\n\n\n<div class=\"wp-block-embed__wrapper\">\n<iframe width=\"900\" height=\"675\" src=\"https:\/\/www.youtube.com\/embed\/CV_ptIevV5U?feature=oembed\" frameborder=\"0\" allowfullscreen><\/iframe>\n<\/div>\n\n\n\n<p>O primeiro vislumbre desse novo cap\u00edtulo chega com <em><strong>I OWE IT TO YOU<\/strong><\/em>, can\u00e7\u00e3o de gratid\u00e3o e mem\u00f3ria onde a simplicidade volta a ser o territ\u00f3rio mais sofisticado da sua escrita num trabalho que segundo a pr\u00f3pria ser\u00e1 integralmente dedicado \u00e0 sua m\u00e3e, o amor maior.<\/p>\n\n\n\n<p>H\u00e1 em MARO (<a href=\"https:\/\/www.ecletismomusical.pt\/en\/entrevista-maro\/\">para recordar<\/a> em 2018 na entrevista que deu ao <em>Musical Eclecticism<\/em>) uma serenidade inquieta, que neste seu novo <em>single<\/em> assume especial relev\u00e2ncia apoiada numa roupagem musical que n\u00e3o se fica pela melancolia da guitarra, mas ganha dimens\u00e3o com o peso da bateria. <\/p>\n\n\n\n<div class=\"wp-block-embed__wrapper\">\n<iframe style=\"border-radius: 12px\" width=\"100%\" height=\"352\" frameborder=\"0\" allowfullscreen src=\"https:\/\/open.spotify.com\/embed\/album\/6LzLB3pOMjWfJ52Q61d102?utm_source=oembed\"><\/iframe>\n<\/div>\n\n\n\n<p>\u00c9 como se a do\u00e7ura habitual da sua voz tivesse encontrado agora uma base mais firme, uma pulsa\u00e7\u00e3o entre o sussurro e o impulso, revelando uma artista que j\u00e1 n\u00e3o canta apenas para dentro, mas tamb\u00e9m para o mundo que a escuta.<\/p>\n\n\n\n<p><\/p>","protected":false},"excerpt":{"rendered":"<p>So Much Has Changed \u00e9 o t\u00edtulo do pr\u00f3ximo \u00e1lbum de MARO, com sa\u00edda prevista para Janeiro de 2026, mas \u00e9 tamb\u00e9m uma esp\u00e9cie de constata\u00e7\u00e3o: tudo mudou, e talvez o mais bonito seja reconhecer isso com serenidade. O primeiro vislumbre desse novo cap\u00edtulo chega com I OWE IT TO YOU, can\u00e7\u00e3o de gratid\u00e3o e<\/p>","protected":false},"author":1,"featured_media":7818,"comment_status":"open","ping_status":"open","sticky":false,"template":"","format":"standard","meta":[],"categories":[1,529,26],"tags":[271,85,87],"_links":{"self":[{"href":"https:\/\/www.ecletismomusical.pt\/en\/wp-json\/wp\/v2\/posts\/7817"}],"collection":[{"href":"https:\/\/www.ecletismomusical.pt\/en\/wp-json\/wp\/v2\/posts"}],"about":[{"href":"https:\/\/www.ecletismomusical.pt\/en\/wp-json\/wp\/v2\/types\/post"}],"author":[{"embeddable":true,"href":"https:\/\/www.ecletismomusical.pt\/en\/wp-json\/wp\/v2\/users\/1"}],"replies":[{"embeddable":true,"href":"https:\/\/www.ecletismomusical.pt\/en\/wp-json\/wp\/v2\/comments?post=7817"}],"version-history":[{"count":2,"href":"https:\/\/www.ecletismomusical.pt\/en\/wp-json\/wp\/v2\/posts\/7817\/revisions"}],"predecessor-version":[{"id":7820,"href":"https:\/\/www.ecletismomusical.pt\/en\/wp-json\/wp\/v2\/posts\/7817\/revisions\/7820"}],"wp:featuredmedia":[{"embeddable":true,"href":"https:\/\/www.ecletismomusical.pt\/en\/wp-json\/wp\/v2\/media\/7818"}],"wp:attachment":[{"href":"https:\/\/www.ecletismomusical.pt\/en\/wp-json\/wp\/v2\/media?parent=7817"}],"wp:term":[{"taxonomy":"category","embeddable":true,"href":"https:\/\/www.ecletismomusical.pt\/en\/wp-json\/wp\/v2\/categories?post=7817"},{"taxonomy":"post_tag","embeddable":true,"href":"https:\/\/www.ecletismomusical.pt\/en\/wp-json\/wp\/v2\/tags?post=7817"}],"curies":[{"name":"wp","href":"https:\/\/api.w.org\/{rel}","templated":true}]}}