{"id":7824,"date":"2025-10-17T14:25:00","date_gmt":"2025-10-17T13:25:00","guid":{"rendered":"https:\/\/www.ecletismomusical.pt\/?p=7824"},"modified":"2025-10-17T16:58:03","modified_gmt":"2025-10-17T15:58:03","slug":"worth-listening-to-xauxau-dodo-bandos-e-cardumes","status":"publish","type":"post","link":"https:\/\/www.ecletismomusical.pt\/en\/worth-listening-to-xauxau-dodo-bandos-e-cardumes\/","title":{"rendered":"[Worth Listening to] xauxau dod\u00f4 &#8211; Bandos e Cardumes"},"content":{"rendered":"<p>B<em>andos e cardumes<\/em>, o primeiro longa-dura\u00e7\u00e3o dos <strong><a href=\"https:\/\/www.instagram.com\/xauxaudodo\/\">xauxau dod\u00f4<\/a><\/strong>, septeto de Barcelos \u00e9 precisamente isso: uma travessia onde o jazz se cruza com o trip-hop e o afrobeat numa geografia pr\u00f3pria.<\/p>\n\n\n\n<p>Mais do que um disco, <em>bandos e cardumes<\/em> \u00e9 um manifesto colectivo. H\u00e1 nele uma consci\u00eancia social subtil, uma ironia que se esconde em versos que parecem inocentes, mas que trazem o peso de uma gera\u00e7\u00e3o \u00e0 procura de direc\u00e7\u00e3o. <\/p>\n\n\n\n<p>Com seis faixas originais, o \u00e1lbum mergulha em texturas densas e din\u00e2micas que se movem entre o improviso e a precis\u00e3o, entre o groove e o sil\u00eancio. \u00c9 o som de quem entende o caos contempor\u00e2neo e decide dan\u00e7\u00e1-lo.<\/p>\n\n\n\n<p> A edi\u00e7\u00e3o digital j\u00e1 circula em todas as plataformas, enquanto o vinil, previsto para o in\u00edcio de 2026, promete dar corpo f\u00edsico a uma obra que pede para ser sentida nas m\u00e3os e nos ouvidos.<\/p>\n\n\n\n<p>Entre o Passos Manuel (23 de Outubro), Casa do Capit\u00e3o (30 de Outubro), Cooperativa Mula (31 de Outubro), GrETUA (30 de Janeiro 2026) e Sal\u00e3o Brazil (31 de Janeiro 2026), os <strong>xauxau dod\u00f4<\/strong> levam <em>bandos e cardumes<\/em> para a estrada.<\/p>\n\n\n\n<div class=\"wp-block-embed__wrapper\">\n<iframe style=\"border-radius: 12px\" width=\"100%\" height=\"352\" frameborder=\"0\" allowfullscreen src=\"https:\/\/open.spotify.com\/embed\/album\/6IbqrzRhaoN9Il5d7Uj6vO?si=zC0-kZdfS2q5bFDbxCq-2g&#038;utm_source=oembed\"><\/iframe>\n<\/div>\n\n\n\n<p><\/p>","protected":false},"excerpt":{"rendered":"<p>Bandos e cardumes, o primeiro longa-dura\u00e7\u00e3o dos xauxau dod\u00f4, septeto de Barcelos \u00e9 precisamente isso: uma travessia onde o jazz se cruza com o trip-hop e o afrobeat numa geografia pr\u00f3pria. Mais do que um disco, bandos e cardumes \u00e9 um manifesto colectivo. H\u00e1 nele uma consci\u00eancia social subtil, uma ironia que se esconde em<\/p>","protected":false},"author":1,"featured_media":7845,"comment_status":"open","ping_status":"open","sticky":false,"template":"","format":"standard","meta":[],"categories":[1,529,30],"tags":[85,115,1366],"_links":{"self":[{"href":"https:\/\/www.ecletismomusical.pt\/en\/wp-json\/wp\/v2\/posts\/7824"}],"collection":[{"href":"https:\/\/www.ecletismomusical.pt\/en\/wp-json\/wp\/v2\/posts"}],"about":[{"href":"https:\/\/www.ecletismomusical.pt\/en\/wp-json\/wp\/v2\/types\/post"}],"author":[{"embeddable":true,"href":"https:\/\/www.ecletismomusical.pt\/en\/wp-json\/wp\/v2\/users\/1"}],"replies":[{"embeddable":true,"href":"https:\/\/www.ecletismomusical.pt\/en\/wp-json\/wp\/v2\/comments?post=7824"}],"version-history":[{"count":1,"href":"https:\/\/www.ecletismomusical.pt\/en\/wp-json\/wp\/v2\/posts\/7824\/revisions"}],"predecessor-version":[{"id":7827,"href":"https:\/\/www.ecletismomusical.pt\/en\/wp-json\/wp\/v2\/posts\/7824\/revisions\/7827"}],"wp:featuredmedia":[{"embeddable":true,"href":"https:\/\/www.ecletismomusical.pt\/en\/wp-json\/wp\/v2\/media\/7845"}],"wp:attachment":[{"href":"https:\/\/www.ecletismomusical.pt\/en\/wp-json\/wp\/v2\/media?parent=7824"}],"wp:term":[{"taxonomy":"category","embeddable":true,"href":"https:\/\/www.ecletismomusical.pt\/en\/wp-json\/wp\/v2\/categories?post=7824"},{"taxonomy":"post_tag","embeddable":true,"href":"https:\/\/www.ecletismomusical.pt\/en\/wp-json\/wp\/v2\/tags?post=7824"}],"curies":[{"name":"wp","href":"https:\/\/api.w.org\/{rel}","templated":true}]}}