{"id":7830,"date":"2025-10-17T08:54:34","date_gmt":"2025-10-17T07:54:34","guid":{"rendered":"https:\/\/www.ecletismomusical.pt\/?p=7830"},"modified":"2025-10-17T08:55:57","modified_gmt":"2025-10-17T07:55:57","slug":"new-album-noiserv-7305","status":"publish","type":"post","link":"https:\/\/www.ecletismomusical.pt\/en\/new-album-noiserv-7305\/","title":{"rendered":"[New album] Noiserv &#8211; 7305"},"content":{"rendered":"<p>\u201c20 anos depois do meu primeiro concerto, lan\u00e7o hoje o meu quinto disco, ou s\u00e9timo, se contar com os mais pequenos tamb\u00e9m. O disco chama-se <em>7305<\/em>, o n\u00famero exacto de dias entre 19 de mar\u00e7o de 2005, dia do primeiro concerto, e 19 de mar\u00e7o de 2025.\u201d Assim o escreve <a href=\"https:\/\/www.instagram.com\/noiserv\/\">Noiserv<\/a>, com a serenidade de quem mede o tempo n\u00e3o em calend\u00e1rios, mas em can\u00e7\u00f5es. \u00c9 um gesto simb\u00f3lico: transformar os dias em som, as horas em mem\u00f3ria, e o percurso em partilha.<\/p>\n\n\n\n<p>Desde abril, o m\u00fasico foi revelando fragmentos deste novo trabalho, como quem abre janelas para um mesmo horizonte em momentos diferentes do dia. Hoje, essas janelas alinham-se num s\u00f3 corpo, nove faixas entre o Portugu\u00eas e o Ingl\u00eas que tra\u00e7am a cronologia de um caminho e de uma vida. Entre elas, tr\u00eas in\u00e9ditas, e duas com presen\u00e7as que tornam o disco ainda mais \u00edntimo.<\/p>\n\n\n\n<p>Em \u201c20 . 20 . Um dia como tantos outros\u201d, <strong>single <\/strong>que publica igualmente hoje, <a href=\"https:\/\/www.instagram.com\/noiserv\/\">Noiserv<\/a> convidou <a href=\"https:\/\/www.instagram.com\/a_garota_nao\/\">A Garota N\u00e3o<\/a> para dividir voz e escrita, num encontro raro, de uma beleza que nasce na conten\u00e7\u00e3o.  A can\u00e7\u00e3o \u00e9, em si, uma c\u00e1psula emocional: fala de dias iguais, mas cheios de pequenas revolu\u00e7\u00f5es interiores, das pausas que se tornam gritos, dos gestos silenciosos que persistem quando o mundo p\u00e1ra.<\/p>\n\n\n\n<div class=\"wp-block-embed__wrapper\">\n<iframe width=\"900\" height=\"506\" src=\"https:\/\/www.youtube.com\/embed\/3rVxYEqOkOI?feature=oembed\" frameborder=\"0\" allowfullscreen><\/iframe>\n<\/div>\n\n\n\n<p>O disco <em>7305<\/em> respira com a ajuda de velhos c\u00famplices e novos aliados: Best Youth, First Breath After Coma (Telmo Soares e Rui Gaspar), Andr\u00e9 Tentugal, Afonso Cabral, Selma Uamusse, Bia Maria, Surma, Milhanas, A Garota N\u00e3o e Jo\u00e3o Correia (Tape Junk).<\/p>\n\n\n\n<div class=\"wp-block-embed__wrapper\">\n<iframe style=\"border-radius: 12px\" width=\"100%\" height=\"352\" frameborder=\"0\" allowfullscreen src=\"https:\/\/open.spotify.com\/embed\/album\/6AWGD0k3E2k56DEZpTVw2d?si=v-gduKsOQue2L9LsZPF5qQ&#038;utm_source=oembed\"><\/iframe>\n<\/div>\n\n\n\n<p>Com <em>7305<\/em>, Noiserv volta a provar que a passagem do tempo n\u00e3o se conta em n\u00fameros, mas em can\u00e7\u00f5es que nos fazem parar. E este \u00e9 mais um \u00e1lbum para se ouvir do princ\u00edpio ao fim, diversas vezes.<\/p>","protected":false},"excerpt":{"rendered":"<p>\u201c20 anos depois do meu primeiro concerto, lan\u00e7o hoje o meu quinto disco, ou s\u00e9timo, se contar com os mais pequenos tamb\u00e9m. O disco chama-se 7305, o n\u00famero exacto de dias entre 19 de mar\u00e7o de 2005, dia do primeiro concerto, e 19 de mar\u00e7o de 2025.\u201d Assim o escreve Noiserv, com a serenidade de<\/p>","protected":false},"author":1,"featured_media":7831,"comment_status":"open","ping_status":"open","sticky":false,"template":"","format":"standard","meta":[],"categories":[22,1,529,28],"tags":[85,807,98],"_links":{"self":[{"href":"https:\/\/www.ecletismomusical.pt\/en\/wp-json\/wp\/v2\/posts\/7830"}],"collection":[{"href":"https:\/\/www.ecletismomusical.pt\/en\/wp-json\/wp\/v2\/posts"}],"about":[{"href":"https:\/\/www.ecletismomusical.pt\/en\/wp-json\/wp\/v2\/types\/post"}],"author":[{"embeddable":true,"href":"https:\/\/www.ecletismomusical.pt\/en\/wp-json\/wp\/v2\/users\/1"}],"replies":[{"embeddable":true,"href":"https:\/\/www.ecletismomusical.pt\/en\/wp-json\/wp\/v2\/comments?post=7830"}],"version-history":[{"count":2,"href":"https:\/\/www.ecletismomusical.pt\/en\/wp-json\/wp\/v2\/posts\/7830\/revisions"}],"predecessor-version":[{"id":7833,"href":"https:\/\/www.ecletismomusical.pt\/en\/wp-json\/wp\/v2\/posts\/7830\/revisions\/7833"}],"wp:featuredmedia":[{"embeddable":true,"href":"https:\/\/www.ecletismomusical.pt\/en\/wp-json\/wp\/v2\/media\/7831"}],"wp:attachment":[{"href":"https:\/\/www.ecletismomusical.pt\/en\/wp-json\/wp\/v2\/media?parent=7830"}],"wp:term":[{"taxonomy":"category","embeddable":true,"href":"https:\/\/www.ecletismomusical.pt\/en\/wp-json\/wp\/v2\/categories?post=7830"},{"taxonomy":"post_tag","embeddable":true,"href":"https:\/\/www.ecletismomusical.pt\/en\/wp-json\/wp\/v2\/tags?post=7830"}],"curies":[{"name":"wp","href":"https:\/\/api.w.org\/{rel}","templated":true}]}}