{"id":7839,"date":"2025-10-18T20:36:58","date_gmt":"2025-10-18T19:36:58","guid":{"rendered":"https:\/\/www.ecletismomusical.pt\/?p=7839"},"modified":"2025-10-18T20:37:02","modified_gmt":"2025-10-18T19:37:02","slug":"two-lanes-no-feeling-is-final-live-session","status":"publish","type":"post","link":"https:\/\/www.ecletismomusical.pt\/en\/two-lanes-no-feeling-is-final-live-session\/","title":{"rendered":"TWO LANES &#8211; No Feeling Is Final (Live Session)"},"content":{"rendered":"<p>Os irm\u00e3os Leo e Rafa, conhecidos como <a href=\"https:\/\/www.instagram.com\/wearetwolanes\/\">TWO LANES<\/a>, continuam a explorar o territ\u00f3rio onde a eletr\u00f3nica se cruza com a intimidade humana em \u201cNo Feeling Is Final (Live Session)\u201d. Formados em m\u00fasica cl\u00e1ssica e moldados pelo ritmo urbano de Berlim, os dois transformam o minimalismo num espa\u00e7o emocional. Nesta performance, h\u00e1 algo de quase lit\u00fargico no modo como o piano e os sintetizadores dialogam.<\/p>\n\n\n\n<div class=\"wp-block-embed__wrapper\">\n<iframe width=\"900\" height=\"506\" src=\"https:\/\/www.youtube.com\/embed\/I1pHLGcuLKo?feature=oembed\" frameborder=\"0\" allowfullscreen><\/iframe>\n<\/div>\n\n\n\n<p><strong>TWO LANES<\/strong> reafirmam aqui a sua est\u00e9tica de honestidade digital, o equil\u00edbrio entre o anal\u00f3gico e o sint\u00e9tico, entre o rigor da produ\u00e7\u00e3o e a imperfei\u00e7\u00e3o humana que d\u00e1 vida \u00e0s m\u00e1quinas. <\/p>\n\n\n\n<div class=\"wp-block-embed__wrapper\">\n<iframe style=\"border-radius: 12px\" width=\"100%\" height=\"352\" frameborder=\"0\" allowfullscreen src=\"https:\/\/open.spotify.com\/embed\/album\/16I0nXsZVLPXRKFWo2jUMd?utm_source=oembed\"><\/iframe>\n<\/div>","protected":false},"excerpt":{"rendered":"<p>Os irm\u00e3os Leo e Rafa, conhecidos como TWO LANES, continuam a explorar o territ\u00f3rio onde a eletr\u00f3nica se cruza com a intimidade humana em \u201cNo Feeling Is Final (Live Session)\u201d. Formados em m\u00fasica cl\u00e1ssica e moldados pelo ritmo urbano de Berlim, os dois transformam o minimalismo num espa\u00e7o emocional. Nesta performance, h\u00e1 algo de quase<\/p>","protected":false},"author":1,"featured_media":7848,"comment_status":"open","ping_status":"open","sticky":false,"template":"","format":"standard","meta":[],"categories":[1,1279,30],"tags":[526,1368,115],"_links":{"self":[{"href":"https:\/\/www.ecletismomusical.pt\/en\/wp-json\/wp\/v2\/posts\/7839"}],"collection":[{"href":"https:\/\/www.ecletismomusical.pt\/en\/wp-json\/wp\/v2\/posts"}],"about":[{"href":"https:\/\/www.ecletismomusical.pt\/en\/wp-json\/wp\/v2\/types\/post"}],"author":[{"embeddable":true,"href":"https:\/\/www.ecletismomusical.pt\/en\/wp-json\/wp\/v2\/users\/1"}],"replies":[{"embeddable":true,"href":"https:\/\/www.ecletismomusical.pt\/en\/wp-json\/wp\/v2\/comments?post=7839"}],"version-history":[{"count":3,"href":"https:\/\/www.ecletismomusical.pt\/en\/wp-json\/wp\/v2\/posts\/7839\/revisions"}],"predecessor-version":[{"id":7849,"href":"https:\/\/www.ecletismomusical.pt\/en\/wp-json\/wp\/v2\/posts\/7839\/revisions\/7849"}],"wp:featuredmedia":[{"embeddable":true,"href":"https:\/\/www.ecletismomusical.pt\/en\/wp-json\/wp\/v2\/media\/7848"}],"wp:attachment":[{"href":"https:\/\/www.ecletismomusical.pt\/en\/wp-json\/wp\/v2\/media?parent=7839"}],"wp:term":[{"taxonomy":"category","embeddable":true,"href":"https:\/\/www.ecletismomusical.pt\/en\/wp-json\/wp\/v2\/categories?post=7839"},{"taxonomy":"post_tag","embeddable":true,"href":"https:\/\/www.ecletismomusical.pt\/en\/wp-json\/wp\/v2\/tags?post=7839"}],"curies":[{"name":"wp","href":"https:\/\/api.w.org\/{rel}","templated":true}]}}