{"id":7857,"date":"2025-10-21T11:43:00","date_gmt":"2025-10-21T10:43:00","guid":{"rendered":"https:\/\/www.ecletismomusical.pt\/?p=7857"},"modified":"2025-10-20T12:52:01","modified_gmt":"2025-10-20T11:52:01","slug":"worth-listening-to-mari-merenda-voz-de-longe","status":"publish","type":"post","link":"https:\/\/www.ecletismomusical.pt\/en\/worth-listening-to-mari-merenda-voz-de-longe\/","title":{"rendered":"[Worth Listening to] Mari Merenda &#8211; Voz de Longe"},"content":{"rendered":"<p><a href=\"https:\/\/www.instagram.com\/marimerenda\/\">Mari Merenda<\/a> \u00e9 uma das novas vozes que nascem entre o encanto do pop e a raiz profunda da can\u00e7\u00e3o brasileira contando j\u00e1 com uma base alargada de seguidos, fruto da sua presen\u00e7a nas redes sociais. \u201cVoz de Longe\u201d, o seu mais recente single \u00e9 feito de do\u00e7ura contida e sinceridade, num retrato de quem aprendeu que a dist\u00e2ncia tamb\u00e9m pode ser uma forma de amor.<\/p>\n\n\n\n<div class=\"wp-block-embed__wrapper\">\n<iframe width=\"900\" height=\"506\" src=\"https:\/\/www.youtube.com\/embed\/TCids5FcIGg?feature=oembed\" frameborder=\"0\" allowfullscreen><\/iframe>\n<\/div>\n\n\n\n<p>Natural de S\u00e3o Paulo, Mari cresceu entre instrumentos e melodias, estudou piano e guitarra ainda em crian\u00e7a e foi moldando a sua identidade num caminho entre o popular e o introspectivo. A sensibilidade, a maturidade e a delicadeza emocional que mostra neste tema anunciam uma artista que veio para durar.<\/p>\n\n\n\n<div class=\"wp-block-embed__wrapper\">\n<iframe style=\"border-radius: 12px\" width=\"100%\" height=\"352\" frameborder=\"0\" allowfullscreen src=\"https:\/\/open.spotify.com\/embed\/album\/5mADYBJ2iOsAgAJOqnM7Lr?si=DuNtk2RfSLKOIIMofk__FA&#038;utm_source=oembed\"><\/iframe>\n<\/div>","protected":false},"excerpt":{"rendered":"<p>Mari Merenda \u00e9 uma das novas vozes que nascem entre o encanto do pop e a raiz profunda da can\u00e7\u00e3o brasileira contando j\u00e1 com uma base alargada de seguidos, fruto da sua presen\u00e7a nas redes sociais. \u201cVoz de Longe\u201d, o seu mais recente single \u00e9 feito de do\u00e7ura contida e sinceridade, num retrato de quem<\/p>","protected":false},"author":1,"featured_media":7858,"comment_status":"open","ping_status":"open","sticky":false,"template":"","format":"standard","meta":[],"categories":[1,26,30],"tags":[1371,87,115],"_links":{"self":[{"href":"https:\/\/www.ecletismomusical.pt\/en\/wp-json\/wp\/v2\/posts\/7857"}],"collection":[{"href":"https:\/\/www.ecletismomusical.pt\/en\/wp-json\/wp\/v2\/posts"}],"about":[{"href":"https:\/\/www.ecletismomusical.pt\/en\/wp-json\/wp\/v2\/types\/post"}],"author":[{"embeddable":true,"href":"https:\/\/www.ecletismomusical.pt\/en\/wp-json\/wp\/v2\/users\/1"}],"replies":[{"embeddable":true,"href":"https:\/\/www.ecletismomusical.pt\/en\/wp-json\/wp\/v2\/comments?post=7857"}],"version-history":[{"count":1,"href":"https:\/\/www.ecletismomusical.pt\/en\/wp-json\/wp\/v2\/posts\/7857\/revisions"}],"predecessor-version":[{"id":7859,"href":"https:\/\/www.ecletismomusical.pt\/en\/wp-json\/wp\/v2\/posts\/7857\/revisions\/7859"}],"wp:featuredmedia":[{"embeddable":true,"href":"https:\/\/www.ecletismomusical.pt\/en\/wp-json\/wp\/v2\/media\/7858"}],"wp:attachment":[{"href":"https:\/\/www.ecletismomusical.pt\/en\/wp-json\/wp\/v2\/media?parent=7857"}],"wp:term":[{"taxonomy":"category","embeddable":true,"href":"https:\/\/www.ecletismomusical.pt\/en\/wp-json\/wp\/v2\/categories?post=7857"},{"taxonomy":"post_tag","embeddable":true,"href":"https:\/\/www.ecletismomusical.pt\/en\/wp-json\/wp\/v2\/tags?post=7857"}],"curies":[{"name":"wp","href":"https:\/\/api.w.org\/{rel}","templated":true}]}}