{"id":786,"date":"2007-07-23T18:40:00","date_gmt":"2007-07-23T18:40:00","guid":{"rendered":"https:\/\/ecletismomusical.pt\/aimee-mann-no-coliseu-de-lisboa\/"},"modified":"2007-07-23T18:40:00","modified_gmt":"2007-07-23T18:40:00","slug":"aimee-mann-no-coliseu-de-lisboa","status":"publish","type":"post","link":"https:\/\/www.ecletismomusical.pt\/en\/aimee-mann-no-coliseu-de-lisboa\/","title":{"rendered":"Aimee Mann no Coliseu de Lisboa"},"content":{"rendered":"<div><a href=\"http:\/\/www.aimeemann.com\/\"><img height=\"292\" src=\"http:\/\/www.puremusic.com\/assets20\/47aimee-mann.jpg\" width=\"404\" \/><\/a><br \/><a href=\"http:\/\/www.aimeemann.com\/\"><span style=\"font-family:arial;font-size:85%\">Aimee Mann<\/span><\/a><\/p>\n<p><span style=\"font-family:arial;font-size:85%\"><em>&#8220;Existem nomes incontorn\u00e1veis que nunca actuaram em Portugal, nomes importantes que o p\u00fablico portugu\u00eas nunca teve a possibilidade de ver ao vivo, mas a partir de dia <strong>25 de Julho<\/strong> vai passar a existir menos um, quando Aimee Mann actuar no Coliseu de Lisboa.<br \/>Artista nova-iorquina, Aimee Mann saltou para a ribalta com a magn\u00edfica participa\u00e7\u00e3o na banda sonora do belo fime \u201cMagn\u00f3lia\u201d de Paul Thomas Anderson. Aimee Mann colaborou com oito m\u00fasicas, \u00e0 volta das quais se foram desenvolvendo as personagens do filme. O tema principal do filme, \u201cSave Me\u201d (um dos mais marcantes momentos de uni\u00e3o entre som e imagem) valeu a Aimee Mann uma nomea\u00e7\u00e3o para os \u00d3scares.<\/em><\/span><\/div>\n<div><span style=\"font-family:arial;font-size:85%\"><em><br \/>A carreira de Aimee Mann come\u00e7ou numa banda fundada com o namorado, os \u2018Til Tuesday, que alcan\u00e7ou o sucesso em 1985 ao vencer o MTV Award para \u201cBest New Artist\u201d. Apesar do \u00eaxito alcan\u00e7ado, a banda n\u00e3o durou mais de cinco anos e em 1990 a artista decidiu optar pela carreira a solo. <\/em><\/span><\/div>\n<p><span style=\"font-family:arial;font-size:85%\"><em><\/p>\n<div>Foi preciso esperar tr\u00eas anos para que surgisse o primeiro registo de originais, \u201cWhatever\u201d, que mostrava uma cantora mais madura, muito aclamada pela imprensa especializada, que viu em Aimee Mann uma alma imensa.<br \/>At\u00e9 1999, data do lan\u00e7amento da banda-sonora de M\u00e1gnolia, Aimee Mann editou apenas um \u00e1lbum, \u201cI\u2019m Whit Stupid\u201d em 1993 e participou como actriz Existem nomes incontorn\u00e1veis que nunca actuaram em Portugal, nomes importantes que o p\u00fablico portugu\u00eas nunca teve a possibilidade de ver ao vivo, mas a partir de dia 25 de Julho vai passar a existir menos um, quando Aimee Mann actuar no Coliseu de Lisboa.&#8221;<\/div>\n<div><\/div>\n<div><\/em><\/span><\/div>\n<div><em><span style=\"font-family:Arial;font-size:85%\"><\/span><\/em><\/div>\n<div><span style=\"font-family:Arial;font-size:85%\"><a href=\"http:\/\/www.ticketline.pt\/PesquisaTL.aspx?Pesquisa=V3444\">Bilhetes<\/a><\/span><\/div>","protected":false},"excerpt":{"rendered":"<p>Aimee Mann &#8220;Existem nomes incontorn\u00e1veis que nunca actuaram em Portugal, nomes importantes que o p\u00fablico portugu\u00eas nunca teve a possibilidade de ver ao vivo, mas a partir de dia 25 de Julho vai passar a existir menos um, quando Aimee Mann actuar no Coliseu de Lisboa.Artista nova-iorquina, Aimee Mann saltou para a ribalta com a<\/p>","protected":false},"author":1,"featured_media":0,"comment_status":"open","ping_status":"open","sticky":false,"template":"","format":"standard","meta":[],"categories":[1],"tags":[],"_links":{"self":[{"href":"https:\/\/www.ecletismomusical.pt\/en\/wp-json\/wp\/v2\/posts\/786"}],"collection":[{"href":"https:\/\/www.ecletismomusical.pt\/en\/wp-json\/wp\/v2\/posts"}],"about":[{"href":"https:\/\/www.ecletismomusical.pt\/en\/wp-json\/wp\/v2\/types\/post"}],"author":[{"embeddable":true,"href":"https:\/\/www.ecletismomusical.pt\/en\/wp-json\/wp\/v2\/users\/1"}],"replies":[{"embeddable":true,"href":"https:\/\/www.ecletismomusical.pt\/en\/wp-json\/wp\/v2\/comments?post=786"}],"version-history":[{"count":0,"href":"https:\/\/www.ecletismomusical.pt\/en\/wp-json\/wp\/v2\/posts\/786\/revisions"}],"wp:attachment":[{"href":"https:\/\/www.ecletismomusical.pt\/en\/wp-json\/wp\/v2\/media?parent=786"}],"wp:term":[{"taxonomy":"category","embeddable":true,"href":"https:\/\/www.ecletismomusical.pt\/en\/wp-json\/wp\/v2\/categories?post=786"},{"taxonomy":"post_tag","embeddable":true,"href":"https:\/\/www.ecletismomusical.pt\/en\/wp-json\/wp\/v2\/tags?post=786"}],"curies":[{"name":"wp","href":"https:\/\/api.w.org\/{rel}","templated":true}]}}