{"id":7869,"date":"2025-10-22T17:13:09","date_gmt":"2025-10-22T16:13:09","guid":{"rendered":"https:\/\/www.ecletismomusical.pt\/?p=7869"},"modified":"2025-10-22T17:13:56","modified_gmt":"2025-10-22T16:13:56","slug":"worth-listening-to-emilia-tarrant-only-constant","status":"publish","type":"post","link":"https:\/\/www.ecletismomusical.pt\/en\/worth-listening-to-emilia-tarrant-only-constant\/","title":{"rendered":"[Worth Listening to] Emilia Tarrant &#8211; Only Constant"},"content":{"rendered":"<p><a href=\"https:\/\/www.instagram.com\/emiliatarrantofficial\/\">Emilia Tarrant<\/a> \u00e9 uma das vozes mais promissoras da nova cena indie-pop brit\u00e2nica. Nascida em Winchester, Inglaterra, come\u00e7ou a tocar piano e a escrever can\u00e7\u00f5es ainda adolescente, num processo que ela pr\u00f3pria descreve como \u201cdi\u00e1rio emocional em forma de m\u00fasica\u201d. <\/p>\n\n\n\n<div class=\"wp-block-embed__wrapper\">\n<iframe width=\"900\" height=\"506\" src=\"https:\/\/www.youtube.com\/embed\/IBCxvHG1tnM?feature=oembed\" frameborder=\"0\" allowfullscreen><\/iframe>\n<\/div>\n\n\n\n<p>Cresceu num ambiente musical e come\u00e7ou a publicar os seus primeiros temas durante a pandemia, momento em que a introspe\u00e7\u00e3o se tornou parte essencial da sua est\u00e9tica. <strong><em>Only Constant<\/em>,<\/strong> o mais recente single e t\u00edtulo do novo EP, confirma essa maturidade art\u00edstica e antecipa um futuro risonho e o seu \u00e1lbum de estreia \u2018why do i get out of bed?, previsto para Mar\u00e7o de 2026.<\/p>\n\n\n\n<div class=\"wp-block-embed__wrapper\">\n<iframe style=\"border-radius: 12px\" width=\"100%\" height=\"152\" frameborder=\"0\" allowfullscreen src=\"https:\/\/open.spotify.com\/embed\/track\/36k8F9QNlpZQtn4yFATh99?si=68653223c5f844f8&#038;utm_source=oembed\"><\/iframe>\n<\/div>","protected":false},"excerpt":{"rendered":"<p>Emilia Tarrant \u00e9 uma das vozes mais promissoras da nova cena indie-pop brit\u00e2nica. Nascida em Winchester, Inglaterra, come\u00e7ou a tocar piano e a escrever can\u00e7\u00f5es ainda adolescente, num processo que ela pr\u00f3pria descreve como \u201cdi\u00e1rio emocional em forma de m\u00fasica\u201d. Cresceu num ambiente musical e come\u00e7ou a publicar os seus primeiros temas durante a pandemia,<\/p>","protected":false},"author":1,"featured_media":7870,"comment_status":"open","ping_status":"open","sticky":false,"template":"","format":"standard","meta":[],"categories":[1,1156,26,30],"tags":[1374,434,87,115],"_links":{"self":[{"href":"https:\/\/www.ecletismomusical.pt\/en\/wp-json\/wp\/v2\/posts\/7869"}],"collection":[{"href":"https:\/\/www.ecletismomusical.pt\/en\/wp-json\/wp\/v2\/posts"}],"about":[{"href":"https:\/\/www.ecletismomusical.pt\/en\/wp-json\/wp\/v2\/types\/post"}],"author":[{"embeddable":true,"href":"https:\/\/www.ecletismomusical.pt\/en\/wp-json\/wp\/v2\/users\/1"}],"replies":[{"embeddable":true,"href":"https:\/\/www.ecletismomusical.pt\/en\/wp-json\/wp\/v2\/comments?post=7869"}],"version-history":[{"count":1,"href":"https:\/\/www.ecletismomusical.pt\/en\/wp-json\/wp\/v2\/posts\/7869\/revisions"}],"predecessor-version":[{"id":7871,"href":"https:\/\/www.ecletismomusical.pt\/en\/wp-json\/wp\/v2\/posts\/7869\/revisions\/7871"}],"wp:featuredmedia":[{"embeddable":true,"href":"https:\/\/www.ecletismomusical.pt\/en\/wp-json\/wp\/v2\/media\/7870"}],"wp:attachment":[{"href":"https:\/\/www.ecletismomusical.pt\/en\/wp-json\/wp\/v2\/media?parent=7869"}],"wp:term":[{"taxonomy":"category","embeddable":true,"href":"https:\/\/www.ecletismomusical.pt\/en\/wp-json\/wp\/v2\/categories?post=7869"},{"taxonomy":"post_tag","embeddable":true,"href":"https:\/\/www.ecletismomusical.pt\/en\/wp-json\/wp\/v2\/tags?post=7869"}],"curies":[{"name":"wp","href":"https:\/\/api.w.org\/{rel}","templated":true}]}}