{"id":787,"date":"2007-07-23T18:01:00","date_gmt":"2007-07-23T18:01:00","guid":{"rendered":"https:\/\/ecletismomusical.pt\/festival-delta-cafe-pequeno-balanco\/"},"modified":"2007-07-23T18:01:00","modified_gmt":"2007-07-23T18:01:00","slug":"festival-delta-cafe-pequeno-balanco","status":"publish","type":"post","link":"https:\/\/www.ecletismomusical.pt\/en\/festival-delta-cafe-pequeno-balanco\/","title":{"rendered":"Festival Delta Caf\u00e9: Pequeno Balan\u00e7o"},"content":{"rendered":"<div><a href=\"http:\/\/www.liladowns.com\/\"><img height=\"218\" src=\"http:\/\/www.washingtonhispanic.com\/Passissues\/paper4_21_6\/images\/cultural\/cultural1_04_21.jpg\" width=\"368\" \/><\/a><br \/><span style=\"font-family:arial;font-size:85%\"><a href=\"http:\/\/www.liladowns.com\/\">Lila Downs<br \/><\/a><\/span><br \/><span style=\"font-family:arial\">Foi um festival marcado pelo frio (e ontem ao final da noite, mesmo por chuviscos) e pelo n\u00famero de pedras existentes na encosta do Alto da Ajuda. Decididamente, muit\u00edssimas mais do que, as pessoas presentes no recinto. No entanto, nos tr\u00eas dias de festival, assistiu-se a um conjunto de interessantes concertos.<\/p>\n<p>Destaque para os concertos de <strong>Carlinhos Brown<\/strong>, <strong>Lila Downs, Macaco, Orishas, Oludum<\/strong>, bem como dos portugueses, <strong>Andr\u00e9 Sardet, Jo\u00e3o Pedro Pais e Mafalda Veiga e Jo\u00e3o Gil e Lu\u00eds Represas<\/strong>. No palco secund\u00e1rio, patrocinado por uma institui\u00e7\u00e3o banc\u00e1ria com preocupa\u00e7\u00f5es importantes (&#8220;Na tua casa ou na minha&#8221;) assistiram-se a bons concertos de <strong>Terrakota, Filarm\u00f3nica Gil, Mesa e Cool Hipnoise<\/strong>(depois de resolvidos os problemas de som).<\/p>\n<p>Uma palavra de desagrado para a Organiza\u00e7\u00e3o do <strong><a href=\"http:\/\/www.deltatejo.com\/\">Festival Delta Tejo<\/a><\/strong> que decidiu abrir o Festival com <strong>Ive<\/strong> <strong>Mendes<\/strong>, numa sexta-feira \u00e0s 18h. Obviamente, poucos conseguiram estar presentes num concerto que prometia ser um dos bons momentos do Festival.<\/span> <\/div>","protected":false},"excerpt":{"rendered":"<p>Lila DownsFoi um festival marcado pelo frio (e ontem ao final da noite, mesmo por chuviscos) e pelo n\u00famero de pedras existentes na encosta do Alto da Ajuda. Decididamente, muit\u00edssimas mais do que, as pessoas presentes no recinto. No entanto, nos tr\u00eas dias de festival, assistiu-se a um conjunto de interessantes concertos. Destaque para os<\/p>","protected":false},"author":1,"featured_media":0,"comment_status":"open","ping_status":"open","sticky":false,"template":"","format":"standard","meta":[],"categories":[1],"tags":[],"_links":{"self":[{"href":"https:\/\/www.ecletismomusical.pt\/en\/wp-json\/wp\/v2\/posts\/787"}],"collection":[{"href":"https:\/\/www.ecletismomusical.pt\/en\/wp-json\/wp\/v2\/posts"}],"about":[{"href":"https:\/\/www.ecletismomusical.pt\/en\/wp-json\/wp\/v2\/types\/post"}],"author":[{"embeddable":true,"href":"https:\/\/www.ecletismomusical.pt\/en\/wp-json\/wp\/v2\/users\/1"}],"replies":[{"embeddable":true,"href":"https:\/\/www.ecletismomusical.pt\/en\/wp-json\/wp\/v2\/comments?post=787"}],"version-history":[{"count":0,"href":"https:\/\/www.ecletismomusical.pt\/en\/wp-json\/wp\/v2\/posts\/787\/revisions"}],"wp:attachment":[{"href":"https:\/\/www.ecletismomusical.pt\/en\/wp-json\/wp\/v2\/media?parent=787"}],"wp:term":[{"taxonomy":"category","embeddable":true,"href":"https:\/\/www.ecletismomusical.pt\/en\/wp-json\/wp\/v2\/categories?post=787"},{"taxonomy":"post_tag","embeddable":true,"href":"https:\/\/www.ecletismomusical.pt\/en\/wp-json\/wp\/v2\/tags?post=787"}],"curies":[{"name":"wp","href":"https:\/\/api.w.org\/{rel}","templated":true}]}}