{"id":7872,"date":"2025-10-23T11:07:19","date_gmt":"2025-10-23T10:07:19","guid":{"rendered":"https:\/\/www.ecletismomusical.pt\/?p=7872"},"modified":"2025-10-23T11:11:37","modified_gmt":"2025-10-23T10:11:37","slug":"npr-music-tiny-desk-concert-parcels","status":"publish","type":"post","link":"https:\/\/www.ecletismomusical.pt\/en\/npr-music-tiny-desk-concert-parcels\/","title":{"rendered":"[NPR Music Tiny Desk Concert] Parcels"},"content":{"rendered":"<p>O <em>Tiny Desk Concert<\/em> dos <a href=\"https:\/\/www.instagram.com\/parcelsmusic\/\"><strong>Parcels<\/strong> <\/a>mostra a banda australiana no seu formato mais puro e equilibrado. Conhecidos pelos arranjos luxuriantes e pela energia das atua\u00e7\u00f5es ao vivo, o grupo optou por come\u00e7ar este concerto de forma surpreendente: uma vers\u00e3o despida de \u201c<strong>Leaveyourlove<\/strong>\u201d, apenas com harmonias vocais, piano suave e guitarra.<\/p>\n\n\n\n<div class=\"wp-block-embed__wrapper\">\n<iframe width=\"900\" height=\"506\" src=\"https:\/\/www.youtube.com\/embed\/eUjQkMma-Is?feature=oembed\" frameborder=\"0\" allowfullscreen><\/iframe>\n<\/div>\n\n\n\n<p>Ao longo da sess\u00e3o, o quinteto revisita temas que marcaram o seu percurso, incluindo \u201c<strong>Tieduprightnow<\/strong>\u201d, \u201c<strong>Ifyoucall<\/strong>\u201d, \u201c<strong>Yougotmefeeling<\/strong>\u201d, \u201c<strong>Gamesofluck<\/strong>\u201d e \u201c<strong>Finallyover<\/strong>\u201d, criando uma viagem cronol\u00f3gica e emocional pela sua discografia at\u00e9 ao novo \u00e1lbum <strong>LOVED<\/strong> e que transformam este Tiny Desk Concert como um dos melhores de sempre.<\/p>","protected":false},"excerpt":{"rendered":"<p>O Tiny Desk Concert dos Parcels mostra a banda australiana no seu formato mais puro e equilibrado. Conhecidos pelos arranjos luxuriantes e pela energia das atua\u00e7\u00f5es ao vivo, o grupo optou por come\u00e7ar este concerto de forma surpreendente: uma vers\u00e3o despida de \u201cLeaveyourlove\u201d, apenas com harmonias vocais, piano suave e guitarra. Ao longo da sess\u00e3o,<\/p>","protected":false},"author":1,"featured_media":7873,"comment_status":"open","ping_status":"open","sticky":false,"template":"","format":"standard","meta":[],"categories":[1,1046],"tags":[339,907,670],"_links":{"self":[{"href":"https:\/\/www.ecletismomusical.pt\/en\/wp-json\/wp\/v2\/posts\/7872"}],"collection":[{"href":"https:\/\/www.ecletismomusical.pt\/en\/wp-json\/wp\/v2\/posts"}],"about":[{"href":"https:\/\/www.ecletismomusical.pt\/en\/wp-json\/wp\/v2\/types\/post"}],"author":[{"embeddable":true,"href":"https:\/\/www.ecletismomusical.pt\/en\/wp-json\/wp\/v2\/users\/1"}],"replies":[{"embeddable":true,"href":"https:\/\/www.ecletismomusical.pt\/en\/wp-json\/wp\/v2\/comments?post=7872"}],"version-history":[{"count":2,"href":"https:\/\/www.ecletismomusical.pt\/en\/wp-json\/wp\/v2\/posts\/7872\/revisions"}],"predecessor-version":[{"id":7875,"href":"https:\/\/www.ecletismomusical.pt\/en\/wp-json\/wp\/v2\/posts\/7872\/revisions\/7875"}],"wp:featuredmedia":[{"embeddable":true,"href":"https:\/\/www.ecletismomusical.pt\/en\/wp-json\/wp\/v2\/media\/7873"}],"wp:attachment":[{"href":"https:\/\/www.ecletismomusical.pt\/en\/wp-json\/wp\/v2\/media?parent=7872"}],"wp:term":[{"taxonomy":"category","embeddable":true,"href":"https:\/\/www.ecletismomusical.pt\/en\/wp-json\/wp\/v2\/categories?post=7872"},{"taxonomy":"post_tag","embeddable":true,"href":"https:\/\/www.ecletismomusical.pt\/en\/wp-json\/wp\/v2\/tags?post=7872"}],"curies":[{"name":"wp","href":"https:\/\/api.w.org\/{rel}","templated":true}]}}