{"id":7876,"date":"2025-10-29T15:57:00","date_gmt":"2025-10-29T15:57:00","guid":{"rendered":"https:\/\/www.ecletismomusical.pt\/?p=7876"},"modified":"2025-10-30T11:55:50","modified_gmt":"2025-10-30T11:55:50","slug":"public-service-canta-me-uma-historia","status":"publish","type":"post","link":"https:\/\/www.ecletismomusical.pt\/en\/public-service-canta-me-uma-historia\/","title":{"rendered":"[Public Service] Canta-me uma Hist\u00f3ria"},"content":{"rendered":"<p>H\u00e1 projetos que nascem sem barulho e acabam por se tornar o som mais necess\u00e1rio do pa\u00eds. <em><a href=\"https:\/\/www.instagram.com\/cantameumahistoria\/\">Canta-me uma Hist\u00f3ria<\/a><\/em>, o podcast (+ de 175 epis\u00f3dios) de <a href=\"https:\/\/www.instagram.com\/davidantunesmusic\/\">David Antunes<\/a>, que celebra <strong>cinco anos no dia 1 de novembro<\/strong>, com mais um espect\u00e1culo ao vivo no CNEMA, em Santar\u00e9m e j\u00e1, mais uma vez, com lota\u00e7\u00e3o esgotada, \u00e9 um desses casos raros em que o entretenimento se cruza com servi\u00e7o p\u00fablico.<\/p>\n\n\n\n<p>O maior m\u00e9rito do <strong><em>Canta-me uma Hist\u00f3ria<\/em> <\/strong>\u00e9 contrariar o ru\u00eddo do imediato. Num pa\u00eds pequeno e saturado de pseudo-mediatismo, onde a visibilidade e o aparente sucesso se medem quase exclusivamente em cliques, <strong>David Antunes<\/strong> faz o oposto, \u00e0s 4\u00aas feiras, em directo no youtube e sem filtros, durante 2h\/3h (h\u00e1 casos de 4 e 5 horas): senta-se, pega num copo e num cigarro, escuta e d\u00e1 palco.<\/p>\n\n\n\n<p>Sem pressa, sem gui\u00e3o e sem hierarquias, o programa nasceu no per\u00edodo da pandemia, quando David decidiu criar um espa\u00e7o onde as pessoas pudessem simplesmente viver o momento, como se o mundo l\u00e1 fora n\u00e3o existisse. No p\u00f3s-pandemia, reuniu um grupo de m\u00fasicos que o acompanha, tanto nos podcasts como nos concertos ao vivo: <strong>Emanuel Moura<\/strong>, presen\u00e7a constante e c\u00famplice, <strong>Rui Pereira<\/strong> (oficial) na realiza\u00e7\u00e3o, o <strong>Neutro<\/strong> no bar, no passado <strong>Jessica Cipriano<\/strong> e, atualmente, <strong>Carolina Ligeiro<\/strong> e uma comunidade de em m\u00e9dia cerca de 1500 pessoas que todas as quartas-feiras se re\u00fane no (&#8220;mirc&#8221;) chat do youtube para comentar, sugerir m\u00fasicas, partilhar gargalhadas e enviar super chats para ajudar a pagar o jantar no Quinzena. O que se vive ali \u00e9 mais do que um programa, \u00e9 um ritual de comunh\u00e3o.<\/p>\n\n\n\n<div class=\"wp-block-embed__wrapper\">\n<iframe width=\"900\" height=\"506\" src=\"https:\/\/www.youtube.com\/embed\/tcqNCBI_1os?feature=oembed\" frameborder=\"0\" allowfullscreen><\/iframe>\n<\/div>\n\n\n\n<p>O resultado \u00e9 uma cole\u00e7\u00e3o viva de hist\u00f3rias cantadas. Entre artistas consagrados e nomes ainda desconhecidos, o programa acolhe m\u00fasicos que procuram acreditar (e que David potencia) podem ser mais do que o circuito de bares onde muitos sobrevivem. As vers\u00f5es que nascem ali s\u00f3 existem naquele instante, e as cumplicidades criadas em frente ao microfone prolongam-se muito para l\u00e1 das c\u00e2maras.<\/p>\n\n\n\n<p>O altru\u00edsmo de<strong> David Antunes<\/strong> \u00e9 talvez o segredo mais evidente deste projeto. O m\u00fasico retira da partilha o seu maior prazer: ver outros crescerem, dar palco e visibilidade a quem ainda espera uma oportunidade. \u00c0 sua volta, construiu uma comunidade fiel que todas as quartas-feiras, a partir das 22h, se re\u00fane para assistir ao que muitos chamam de \u201cmissa\u201d. H\u00e1 momentos que ficam para sempre, como a arrebatadora interpreta\u00e7\u00e3o de um dos seus temas a pedido e com a colabora\u00e7\u00e3o de <strong>Berg<\/strong>, num dos raros momentos em que David cantou no seu pr\u00f3prio podcast.<\/p>\n\n\n\n<div class=\"wp-block-embed__wrapper\">\n<iframe width=\"900\" height=\"506\" src=\"https:\/\/www.youtube.com\/embed\/U0bb2NGMVjQ?feature=oembed\" frameborder=\"0\" allowfullscreen><\/iframe>\n<\/div>\n\n\n\n<p>Muitos espectadores comentam que o programa devia estar na televis\u00e3o, ter mais destaque, ser mais medi\u00e1tico. Mas a sua maior virtude \u00e9 precisamente o contr\u00e1rio. <em><strong>Canta-me uma Hist\u00f3ria<\/strong><\/em> vive da liberdade de quem n\u00e3o precisa de obedecer a formatos ou tempos impostos. \u00c9 um espa\u00e7o de comunh\u00e3o entre m\u00fasicos que se divertem a fazer o que mais amam, sem ensaios, sem pressas, sem pretens\u00f5es.<\/p>\n\n\n\n<p>O programa \u00e9 uma <em>jam session<\/em> onde o cora\u00e7\u00e3o pulsa de forma especial. Entre conversas espont\u00e2neas, pianos c\u00famplices e risos partilhados, devolve humanidade \u00e0 cria\u00e7\u00e3o art\u00edstica e mostra o que tantas vezes fica fora do palco: o talento que ainda n\u00e3o teve tempo de ser descoberto.<\/p>\n\n\n\n<div class=\"wp-block-embed__wrapper\">\n<iframe width=\"900\" height=\"506\" src=\"https:\/\/www.youtube.com\/embed\/grcYCihnfSk?feature=oembed\" frameborder=\"0\" allowfullscreen><\/iframe>\n<\/div>\n\n\n\n<p>Cada epis\u00f3dio \u00e9 uma casa aberta, onde cabem os que j\u00e1 enchem salas e, sobretudo, os que ainda procuram o seu primeiro p\u00fablico. \u00c9 ali, nesse espa\u00e7o sem filtros, que a voz t\u00edmida ganha corpo e a m\u00fasica volta a ser gesto e partilha.<\/p>\n\n\n\n<p>Mais do que um podcast,<strong> <em>Canta-me uma Hist\u00f3ria<\/em><\/strong> \u00e9 o espelho do que a m\u00fasica portuguesa tem de mais puro: o improviso, a emo\u00e7\u00e3o e a coragem de mostrar o que \u00e9 real. \u00c9 um ato de resist\u00eancia contra a pressa e o esquecimento, um lugar onde a arte se apresenta como devia ser, sentada ao piano e de cora\u00e7\u00e3o aberto, \u00e0 espera de ser ouvida. \u00c9 tamb\u00e9m um ref\u00fagio sem fronteiras, onde o amor pela m\u00fasica se sobrep\u00f5e ao ru\u00eddo do \u00f3dio, e onde todos cabem, sem filtros, sem idades, sem medo de ser verdadeiros.<\/p>\n\n\n\n<div class=\"wp-block-embed__wrapper\">\n<iframe width=\"900\" height=\"506\" src=\"https:\/\/www.youtube.com\/embed\/J3tUHqh4Slc?feature=oembed\" frameborder=\"0\" allowfullscreen><\/iframe>\n<\/div>\n\n\n\n<p>Al\u00e9m da oportunidade de assistir \u00e0 mestria de <strong>David Antunes<\/strong> nas teclas, muitos foram os m\u00fasicos que encontraram ali uma rampa de lan\u00e7amento. O anfitri\u00e3o, carinhosamente apelidado de \u201cJ\u00falio Isidro do Verdelho\u201d, viu nascer e crescer carreiras que se expandiram muito para l\u00e1 daquele est\u00fadio.<\/p>\n\n\n\n<p>O exemplo mais marcante \u00e9 o de <strong>Jessica Cipriano<\/strong>, cuja presen\u00e7a e talento foram determinantes para o crescimento do programa. As suas interpreta\u00e7\u00f5es tornaram-se momentos ic\u00f3nicos e a sua passagem deixou uma marca profunda. Mas, porque a vida n\u00e3o \u00e9 perfeita e, sobretudo, n\u00e3o \u00e9 est\u00e1tica, n\u00e3o foi poss\u00edvel &#8220;guard\u00e1-la&#8221; para que continuasse a semanalmente demonstrar todo o seu talento no <strong>Canta-me uma Hist\u00f3ria<\/strong> sendo que, atualmente, segue o seu caminho a solo e no projeto <em><strong>Para Sempre, Marco<\/strong><\/em>, mas continua a ser lembrada como uma das vozes que ajudaram a moldar a identidade do podcast e de quem todos sentem saudades.<\/p>\n\n\n\n<p>Entre muitos, outros nomes refor\u00e7aram esse legado:<strong> Joana Rosa, Los Romeros, Lu\u00eds Sequeira, Edmundo In\u00e1cio, Filipe Maia, Serena Kaos, Sara Ribeiro, FF, Caju, Laura Costa, Tatiana Oliveira, Vanessa Silva, Diogo Leite, Qu\u00e9lia Lopes, Andrea Verdugo, Ana Amorim, Carolina Cardetas, Tr\u00eas Bairros, Francisca Coutinho, Os Mo\u00e7os do Mira<\/strong>, <strong>Kate<\/strong> e a mais recente residente,<strong> Carolina Ligeiro<\/strong>. Todos contribu\u00edram para esta constela\u00e7\u00e3o de autenticidade que \u00e9 o <strong><em>Canta-me uma Hist\u00f3ria<\/em>.<\/strong><\/p>\n\n\n\n<div class=\"wp-block-embed__wrapper\">\n<iframe width=\"900\" height=\"506\" src=\"https:\/\/www.youtube.com\/embed\/3DKTzdqsoS0?feature=oembed\" frameborder=\"0\" allowfullscreen><\/iframe>\n<\/div>\n\n\n\n<p>Cinco anos depois, o programa continua a ser o que Portugal mais precisa: um espa\u00e7o livre, onde a m\u00fasica volta a ser partilha, humanidade e verdade. Enquanto houver quem oi\u00e7a com o cora\u00e7\u00e3o, haver\u00e1 sempre uma hist\u00f3ria por cantar.<\/p>\n\n\n\n<p>Num canal de <a href=\"https:\/\/www.youtube.com\/@davidantunesmusic\/videos\">Youtube<\/a> com muitas horas de momentos e epis\u00f3dios incr\u00edveis, deixam-se aqui mais alguns dos momentos altos do programa ao longo dos cinco anos.<\/p>\n\n\n\n<div class=\"wp-block-embed__wrapper\">\n<iframe width=\"900\" height=\"506\" src=\"https:\/\/www.youtube.com\/embed\/bnywK1jrcOk?feature=oembed\" frameborder=\"0\" allowfullscreen><\/iframe>\n<\/div>\n\n\n\n<div class=\"wp-block-embed__wrapper\">\n<iframe width=\"900\" height=\"506\" src=\"https:\/\/www.youtube.com\/embed\/1qNctD-iWBQ?feature=oembed\" frameborder=\"0\" allowfullscreen><\/iframe>\n<\/div>\n\n\n\n<div class=\"wp-block-embed__wrapper\">\n<iframe width=\"900\" height=\"506\" src=\"https:\/\/www.youtube.com\/embed\/GnuprDzicmM?feature=oembed\" frameborder=\"0\" allowfullscreen><\/iframe>\n<\/div>\n\n\n\n<div class=\"wp-block-embed__wrapper\">\n<iframe width=\"900\" height=\"506\" src=\"https:\/\/www.youtube.com\/embed\/o33mFvfJn5o?feature=oembed\" frameborder=\"0\" allowfullscreen><\/iframe>\n<\/div>\n\n\n\n<div class=\"wp-block-embed__wrapper\">\n<iframe width=\"900\" height=\"506\" src=\"https:\/\/www.youtube.com\/embed\/9XciPYuqb78?feature=oembed\" frameborder=\"0\" allowfullscreen><\/iframe>\n<\/div>\n\n\n\n<div class=\"wp-block-embed__wrapper\">\n<iframe width=\"900\" height=\"506\" src=\"https:\/\/www.youtube.com\/embed\/Y8QVpdbZ9hc?feature=oembed\" frameborder=\"0\" allowfullscreen><\/iframe>\n<\/div>\n\n\n\n<div class=\"wp-block-embed__wrapper\">\n<iframe width=\"900\" height=\"506\" src=\"https:\/\/www.youtube.com\/embed\/BbQZAC3NfaI?feature=oembed\" frameborder=\"0\" allowfullscreen><\/iframe>\n<\/div>\n\n\n\n<div class=\"wp-block-embed__wrapper\">\n<iframe width=\"900\" height=\"506\" src=\"https:\/\/www.youtube.com\/embed\/9WbXCjJgfVw?feature=oembed\" frameborder=\"0\" allowfullscreen><\/iframe>\n<\/div>\n\n\n\n<div class=\"wp-block-embed__wrapper\">\n<iframe width=\"900\" height=\"506\" src=\"https:\/\/www.youtube.com\/embed\/DJJ_oWlMepo?feature=oembed\" frameborder=\"0\" allowfullscreen><\/iframe>\n<\/div>","protected":false},"excerpt":{"rendered":"<p>H\u00e1 projetos que nascem sem barulho e acabam por se tornar o som mais necess\u00e1rio do pa\u00eds. Canta-me uma Hist\u00f3ria, o podcast (+ de 175 epis\u00f3dios) de David Antunes, que celebra cinco anos no dia 1 de novembro, com mais um espect\u00e1culo ao vivo no CNEMA, em Santar\u00e9m e j\u00e1, mais uma vez, com lota\u00e7\u00e3o<\/p>","protected":false},"author":1,"featured_media":7881,"comment_status":"open","ping_status":"open","sticky":false,"template":"","format":"standard","meta":[],"categories":[1,953,30],"tags":[],"_links":{"self":[{"href":"https:\/\/www.ecletismomusical.pt\/en\/wp-json\/wp\/v2\/posts\/7876"}],"collection":[{"href":"https:\/\/www.ecletismomusical.pt\/en\/wp-json\/wp\/v2\/posts"}],"about":[{"href":"https:\/\/www.ecletismomusical.pt\/en\/wp-json\/wp\/v2\/types\/post"}],"author":[{"embeddable":true,"href":"https:\/\/www.ecletismomusical.pt\/en\/wp-json\/wp\/v2\/users\/1"}],"replies":[{"embeddable":true,"href":"https:\/\/www.ecletismomusical.pt\/en\/wp-json\/wp\/v2\/comments?post=7876"}],"version-history":[{"count":5,"href":"https:\/\/www.ecletismomusical.pt\/en\/wp-json\/wp\/v2\/posts\/7876\/revisions"}],"predecessor-version":[{"id":7882,"href":"https:\/\/www.ecletismomusical.pt\/en\/wp-json\/wp\/v2\/posts\/7876\/revisions\/7882"}],"wp:featuredmedia":[{"embeddable":true,"href":"https:\/\/www.ecletismomusical.pt\/en\/wp-json\/wp\/v2\/media\/7881"}],"wp:attachment":[{"href":"https:\/\/www.ecletismomusical.pt\/en\/wp-json\/wp\/v2\/media?parent=7876"}],"wp:term":[{"taxonomy":"category","embeddable":true,"href":"https:\/\/www.ecletismomusical.pt\/en\/wp-json\/wp\/v2\/categories?post=7876"},{"taxonomy":"post_tag","embeddable":true,"href":"https:\/\/www.ecletismomusical.pt\/en\/wp-json\/wp\/v2\/tags?post=7876"}],"curies":[{"name":"wp","href":"https:\/\/api.w.org\/{rel}","templated":true}]}}