{"id":7893,"date":"2025-10-25T10:27:00","date_gmt":"2025-10-25T09:27:00","guid":{"rendered":"https:\/\/www.ecletismomusical.pt\/?p=7893"},"modified":"2025-10-26T10:31:42","modified_gmt":"2025-10-26T10:31:42","slug":"new-single-capicua-brava-live-com-colinas","status":"publish","type":"post","link":"https:\/\/www.ecletismomusical.pt\/en\/new-single-capicua-brava-live-com-colinas\/","title":{"rendered":"[New Single] Capicua \u2013 BRAVA (live com Colinas)"},"content":{"rendered":"<p>[New Single] Capicua \u2013 BRAVA (live com Colinas)<\/p>\n\n\n\n<p><a href=\"https:\/\/www.instagram.com\/a_capicua\/\">@a_capicua<\/a>\u00a0volta a provar que o rap portugu\u00eas \u00e9 tamb\u00e9m poesia de palco. Em BRAVA (live com\u00a0<a href=\"https:\/\/www.instagram.com\/xcolinasx\/\">@xcolinasx<\/a>\u00a0), a for\u00e7a da palavra ganha corpo e respira\u00e7\u00e3o, como se cada verso fosse um espelho da ferida e da coragem de quem o diz. A performance \u00e9 um manifesto po\u00e9tico e combativo sobre o poder da mulher, sobre resist\u00eancia e afirma\u00e7\u00e3o num espa\u00e7o ainda dominado por olhares e estruturas masculinas. Capicua transforma a palavra em arma e abrigo, e o microfone em espelho de todas as que tiveram de lutar para existir sem pedir licen\u00e7a.<\/p>\n\n\n\n<div class=\"wp-block-embed__wrapper\">\n<iframe width=\"900\" height=\"506\" src=\"https:\/\/www.youtube.com\/embed\/SIgWURZ3wmw?feature=oembed\" frameborder=\"0\" allowfullscreen><\/iframe>\n<\/div>\n\n\n\n<p>Contando com o punk rock do power trio COLINAS (&nbsp;<a href=\"https:\/\/www.instagram.com\/p.geraldes\/\">@p.geraldes<\/a>&nbsp;aka \u201cL\u00e1zaro\u201d,&nbsp;<a href=\"https:\/\/www.instagram.com\/joaovairinhos\/\">@joaovairinhos<\/a>&nbsp;and&nbsp;<a href=\"https:\/\/www.instagram.com\/claudiolagotavares\/\">@claudiolagotavares<\/a>&nbsp;), sobretudo esta vers\u00e3o ao vivo carrega uma energia quase ritual. N\u00e3o \u00e9 raiva, \u00e9 lucidez. \u00c9 o gesto de quem aprendeu a ser brava n\u00e3o porque quis, mas porque o mundo n\u00e3o lhe deu alternativa. As met\u00e1foras e a cad\u00eancia das rimas denunciam o quotidiano da misoginia, do paternalismo, do julgamento constante, e ao mesmo tempo reivindicam a for\u00e7a criativa e espiritual da mulher que se ergue sem precisar de pedir desculpa.<\/p>\n\n\n\n<div class=\"wp-block-embed__wrapper\">\n<iframe style=\"border-radius: 12px\" width=\"100%\" height=\"152\" frameborder=\"0\" allowfullscreen src=\"https:\/\/open.spotify.com\/embed\/track\/5t90eOHoHnlwHwfHAQVQdl?si=0a6244892a7c4246&#038;utm_source=oembed\"><\/iframe>\n<\/div>\n\n\n\n<p><\/p>","protected":false},"excerpt":{"rendered":"<p>[New Single] Capicua \u2013 BRAVA (live com Colinas) @a_capicua\u00a0volta a provar que o rap portugu\u00eas \u00e9 tamb\u00e9m poesia de palco. Em BRAVA (live com\u00a0@xcolinasx\u00a0), a for\u00e7a da palavra ganha corpo e respira\u00e7\u00e3o, como se cada verso fosse um espelho da ferida e da coragem de quem o diz. A performance \u00e9 um manifesto po\u00e9tico e<\/p>","protected":false},"author":1,"featured_media":7894,"comment_status":"open","ping_status":"open","sticky":false,"template":"","format":"standard","meta":[],"categories":[1,263],"tags":[306,1376,87],"_links":{"self":[{"href":"https:\/\/www.ecletismomusical.pt\/en\/wp-json\/wp\/v2\/posts\/7893"}],"collection":[{"href":"https:\/\/www.ecletismomusical.pt\/en\/wp-json\/wp\/v2\/posts"}],"about":[{"href":"https:\/\/www.ecletismomusical.pt\/en\/wp-json\/wp\/v2\/types\/post"}],"author":[{"embeddable":true,"href":"https:\/\/www.ecletismomusical.pt\/en\/wp-json\/wp\/v2\/users\/1"}],"replies":[{"embeddable":true,"href":"https:\/\/www.ecletismomusical.pt\/en\/wp-json\/wp\/v2\/comments?post=7893"}],"version-history":[{"count":1,"href":"https:\/\/www.ecletismomusical.pt\/en\/wp-json\/wp\/v2\/posts\/7893\/revisions"}],"predecessor-version":[{"id":7895,"href":"https:\/\/www.ecletismomusical.pt\/en\/wp-json\/wp\/v2\/posts\/7893\/revisions\/7895"}],"wp:featuredmedia":[{"embeddable":true,"href":"https:\/\/www.ecletismomusical.pt\/en\/wp-json\/wp\/v2\/media\/7894"}],"wp:attachment":[{"href":"https:\/\/www.ecletismomusical.pt\/en\/wp-json\/wp\/v2\/media?parent=7893"}],"wp:term":[{"taxonomy":"category","embeddable":true,"href":"https:\/\/www.ecletismomusical.pt\/en\/wp-json\/wp\/v2\/categories?post=7893"},{"taxonomy":"post_tag","embeddable":true,"href":"https:\/\/www.ecletismomusical.pt\/en\/wp-json\/wp\/v2\/tags?post=7893"}],"curies":[{"name":"wp","href":"https:\/\/api.w.org\/{rel}","templated":true}]}}