{"id":790,"date":"2007-07-09T14:18:00","date_gmt":"2007-07-09T14:18:00","guid":{"rendered":"https:\/\/ecletismomusical.pt\/rodrigo-leao-na-torre-de-belem\/"},"modified":"2007-07-09T14:18:00","modified_gmt":"2007-07-09T14:18:00","slug":"rodrigo-leao-na-torre-de-belem","status":"publish","type":"post","link":"https:\/\/www.ecletismomusical.pt\/en\/rodrigo-leao-na-torre-de-belem\/","title":{"rendered":"Rodrigo is a Lion in the Tower of Belem"},"content":{"rendered":"<div><a href=\"http:\/\/www.rodrigoleao.pt\/\"><img src=\"http:\/\/www.artistas-espectaculos.com\/paginas\/foto_art\/rodrigoleao.jpg\" \/><\/a><\/p>\n<p><span style=\"font-family:arial\">Depois de ter assistido, na passada sexta-feira, ao <strong>excelente concerto<\/strong> de <a href=\"http:\/\/www.rodrigoleao.pt\/\"><strong>Rodrigo Le\u00e3o<\/strong> <\/a>na Torre de Bel\u00e9m, apenas uma exig\u00eancia: <strong>NOVO ALBUM DOS PORTISHEAD J\u00c1<\/strong>!<\/p>\n<p>A confirma\u00e7\u00e3o de que o poder vocal de <strong>Beth Gibbons<\/strong> continua imaculado faz crescer, ainda mais, a necessidade de ouvir novos temas dos enormes <strong><a href=\"http:\/\/www.portishead.co.uk\/\">Portishead<\/a><\/strong>!<br \/><\/span><a href=\"http:\/\/www.portishead.co.uk\/\"><img style=\"width: 285px;height: 208px\" src=\"http:\/\/www.bbc.co.uk\/totp2\/features\/wallpaper\/images\/800\/portishead.jpg\" height=\"452\" width=\"346\" \/><br \/><\/a><\/div>","protected":false},"excerpt":{"rendered":"<p>Depois de ter assistido, na passada sexta-feira, ao excelente concerto de Rodrigo Le\u00e3o na Torre de Bel\u00e9m, apenas uma exig\u00eancia: NOVO ALBUM DOS PORTISHEAD J\u00c1! A confirma\u00e7\u00e3o de que o poder vocal de Beth Gibbons continua imaculado faz crescer, ainda mais, a necessidade de ouvir novos temas dos enormes Portishead!<\/p>","protected":false},"author":1,"featured_media":0,"comment_status":"open","ping_status":"open","sticky":false,"template":"","format":"standard","meta":[],"categories":[1],"tags":[],"_links":{"self":[{"href":"https:\/\/www.ecletismomusical.pt\/en\/wp-json\/wp\/v2\/posts\/790"}],"collection":[{"href":"https:\/\/www.ecletismomusical.pt\/en\/wp-json\/wp\/v2\/posts"}],"about":[{"href":"https:\/\/www.ecletismomusical.pt\/en\/wp-json\/wp\/v2\/types\/post"}],"author":[{"embeddable":true,"href":"https:\/\/www.ecletismomusical.pt\/en\/wp-json\/wp\/v2\/users\/1"}],"replies":[{"embeddable":true,"href":"https:\/\/www.ecletismomusical.pt\/en\/wp-json\/wp\/v2\/comments?post=790"}],"version-history":[{"count":0,"href":"https:\/\/www.ecletismomusical.pt\/en\/wp-json\/wp\/v2\/posts\/790\/revisions"}],"wp:attachment":[{"href":"https:\/\/www.ecletismomusical.pt\/en\/wp-json\/wp\/v2\/media?parent=790"}],"wp:term":[{"taxonomy":"category","embeddable":true,"href":"https:\/\/www.ecletismomusical.pt\/en\/wp-json\/wp\/v2\/categories?post=790"},{"taxonomy":"post_tag","embeddable":true,"href":"https:\/\/www.ecletismomusical.pt\/en\/wp-json\/wp\/v2\/tags?post=790"}],"curies":[{"name":"wp","href":"https:\/\/api.w.org\/{rel}","templated":true}]}}