{"id":7921,"date":"2025-10-28T14:15:04","date_gmt":"2025-10-28T14:15:04","guid":{"rendered":"https:\/\/www.ecletismomusical.pt\/?p=7921"},"modified":"2025-10-28T21:53:42","modified_gmt":"2025-10-28T21:53:42","slug":"festival-primavera-sound-porto-2026-lineup","status":"publish","type":"post","link":"https:\/\/www.ecletismomusical.pt\/en\/festival-primavera-sound-porto-2026-lineup\/","title":{"rendered":"[Festival] Primavera Sound Porto 2026 (Lineup)"},"content":{"rendered":"<p>O Festival <em><a href=\"https:\/\/www.instagram.com\/primaverasound_porto\/\">Primavera Sound<\/a><\/em>, nascido em Barcelona em 2001, regressa ao Parque da Cidade (Porto) de <strong>11 a 14 de junho de 2026<\/strong> para a sua 13.\u00aa edi\u00e7\u00e3o, com um cartaz que mistura nomes consagrados e apostas que apontam ao futuro. <strong>S\u00e3o 55 artistas ligados pela identidade inconfund\u00edvel do Primavera<\/strong>, onde cada detalhe importa e cada palco conta uma hist\u00f3ria. <\/p>\n\n\n\n<p>Entre os cabe\u00e7as de cartaz, destacam-se <strong>The xx<\/strong>, <strong>Gorillaz<\/strong> and <strong>Massive Attack<\/strong>, tr\u00eas regressos aguardados que prometem transformar o recinto numa celebra\u00e7\u00e3o sonora de mem\u00f3rias e reinven\u00e7\u00f5es. Romy, Oliver Sim e Jamie xx voltam ao Porto catorze anos depois [O Ecletismo Musical teve oportunidade de l\u00e1 estar], Damon Albarn traz consigo <em>The Mountain<\/em>, o novo \u00e1lbum dos Gorillaz, e os lend\u00e1rios Massive Attack estreiam-se finalmente na edi\u00e7\u00e3o portuguesa, com o seu universo de sombras e beats.<\/p>\n\n\n\n<p>Num festival que tem sempre primado pelo seu Ecletismo, juntam-se muitos nomes que t\u00eam passado nos \u00faltimos tempos pelo <strong>Musical Eclecticism <\/strong>como <strong>Annashtasia, Big Thief, Nation of Language, The Sophs,<\/strong> <strong>Mari Froes, Capicua, NAPA<\/strong>. Haver\u00e1 igualmente atua\u00e7\u00f5es dos estrondosos <strong>IDLES<\/strong>, da for\u00e7a po\u00e9tica de <strong>Ethel Cain<\/strong> ou de nomes como <strong>Bad Gyal<\/strong>, <strong>JADE<\/strong>, <strong>KNEECAP<\/strong>, <strong>Dijon<\/strong>, <strong>Slowdive<\/strong>, <strong>Oklou<\/strong>, <strong>Amaarae<\/strong>, e <strong>rusowsky<\/strong>, confirmando a amplitude est\u00e9tica do festival. A diversidade transforma-se em manifesto: do noise-rock de Melt-Banana ao fado de <strong>Gisela Jo\u00e3o<\/strong>, do afro-jazz de <strong>Criolo, Amaro &amp; Dino<\/strong> ao experimentalismo de <strong>Texas Is The Reason<\/strong>, o Primavera Sound Porto 2026 volta a ser um retrato vivo da m\u00fasica sem fronteiras.<\/p>\n\n\n\n<p>Al\u00e9m dos nomes internacionais, o cartaz inclui uma representa\u00e7\u00e3o nacional de luxo com <strong>NAPA<\/strong>, <strong>PAUS<\/strong>, <strong>emmy Curl<\/strong>, <strong>Rita Vian<\/strong>, <strong>Capicua<\/strong> and <strong>In\u00eas Marques Lucas<\/strong>, artistas que espelham o pulso contempor\u00e2neo da m\u00fasica feita em Portugal.<\/p>\n\n\n\n<p>O <strong>Musical Eclecticism<\/strong> criou uma playlist no Spotify para que seja poss\u00edvel conhecer melhor as diferentes ofertas do Festival. Dispon\u00edvel <a href=\"https:\/\/open.spotify.com\/playlist\/5ZAvBOyrrl0fPJ2eMIxUwy?si=jSJDX68TQw2OHN2p3vSJAA\">AQUI!<\/a><\/p>\n\n\n\n\n\n<p>Depois de tr\u00eas dias de concertos, o encerramento volta a estar entregue ao <strong>Primavera Bits<\/strong>, a celebra\u00e7\u00e3o eletr\u00f3nica que transforma o Parque da Cidade numa pista de dan\u00e7a ao ar livre. No domingo, dia 14, <strong>Peggy Gou<\/strong>, <strong>Dixon<\/strong>, <strong>Xinobi<\/strong> and <strong>SuM<\/strong> conduzir\u00e3o a despedida com o mesmo esp\u00edrito de liberdade que define o festival desde a sua origem.<\/p>\n\n\n\n<p><em>Com o apoio da C\u00e2mara Municipal do Porto e de parceiros como Vodafone, Revolut, CUPRA, Idealista, Altano, Cockburns e Buondi, o Primavera Sound Porto reafirma-se como um dos grandes encontros de m\u00fasica e cultura da Europa.<\/em><\/p>\n\n\n\n<p><em>Os bilhetes gerais (\u20ac180 + taxas) e VIP (\u20ac275 + taxas) j\u00e1 est\u00e3o dispon\u00edveis exclusivamente na Fever, com a possibilidade de pagamento em presta\u00e7\u00f5es atrav\u00e9s da Kaboodle.<\/em><\/p>","protected":false},"excerpt":{"rendered":"<p>O Festival Primavera Sound, nascido em Barcelona em 2001, regressa ao Parque da Cidade (Porto) de 11 a 14 de junho de 2026 para a sua 13.\u00aa edi\u00e7\u00e3o, com um cartaz que mistura nomes consagrados e apostas que apontam ao futuro. S\u00e3o 55 artistas ligados pela identidade inconfund\u00edvel do Primavera, onde cada detalhe importa e<\/p>","protected":false},"author":1,"featured_media":7922,"comment_status":"open","ping_status":"open","sticky":false,"template":"","format":"standard","meta":[],"categories":[1,24],"tags":[328,54,1017],"_links":{"self":[{"href":"https:\/\/www.ecletismomusical.pt\/en\/wp-json\/wp\/v2\/posts\/7921"}],"collection":[{"href":"https:\/\/www.ecletismomusical.pt\/en\/wp-json\/wp\/v2\/posts"}],"about":[{"href":"https:\/\/www.ecletismomusical.pt\/en\/wp-json\/wp\/v2\/types\/post"}],"author":[{"embeddable":true,"href":"https:\/\/www.ecletismomusical.pt\/en\/wp-json\/wp\/v2\/users\/1"}],"replies":[{"embeddable":true,"href":"https:\/\/www.ecletismomusical.pt\/en\/wp-json\/wp\/v2\/comments?post=7921"}],"version-history":[{"count":4,"href":"https:\/\/www.ecletismomusical.pt\/en\/wp-json\/wp\/v2\/posts\/7921\/revisions"}],"predecessor-version":[{"id":7943,"href":"https:\/\/www.ecletismomusical.pt\/en\/wp-json\/wp\/v2\/posts\/7921\/revisions\/7943"}],"wp:featuredmedia":[{"embeddable":true,"href":"https:\/\/www.ecletismomusical.pt\/en\/wp-json\/wp\/v2\/media\/7922"}],"wp:attachment":[{"href":"https:\/\/www.ecletismomusical.pt\/en\/wp-json\/wp\/v2\/media?parent=7921"}],"wp:term":[{"taxonomy":"category","embeddable":true,"href":"https:\/\/www.ecletismomusical.pt\/en\/wp-json\/wp\/v2\/categories?post=7921"},{"taxonomy":"post_tag","embeddable":true,"href":"https:\/\/www.ecletismomusical.pt\/en\/wp-json\/wp\/v2\/tags?post=7921"}],"curies":[{"name":"wp","href":"https:\/\/api.w.org\/{rel}","templated":true}]}}