{"id":7946,"date":"2025-10-31T10:01:15","date_gmt":"2025-10-31T10:01:15","guid":{"rendered":"https:\/\/www.ecletismomusical.pt\/?p=7946"},"modified":"2025-10-31T10:02:34","modified_gmt":"2025-10-31T10:02:34","slug":"new-single-ricardo-ribeiro-feat-ana-moura-mare","status":"publish","type":"post","link":"https:\/\/www.ecletismomusical.pt\/en\/new-single-ricardo-ribeiro-feat-ana-moura-mare\/","title":{"rendered":"[New Single] Ricardo Ribeiro feat. Ana Moura &#8211; Mar\u00e9"},"content":{"rendered":"<p> \u201cMar\u00e9\u201d, o novo tema de <a href=\"https:\/\/www.instagram.com\/ricardoribeiromusic\/\">Ricardo Ribeiro<\/a> and <a href=\"https:\/\/www.instagram.com\/anamourafado\/\">Ana Moura<\/a>, junta dois int\u00e9rpretes que carregam o Fado no sangue, mas que j\u00e1 h\u00e1 muito deixaram de caber nas fronteiras dele, cruzam-se aqui num gesto de maturidade e entrega.<\/p>\n\n\n\n<div class=\"wp-block-embed__wrapper\">\n<iframe width=\"900\" height=\"675\" src=\"https:\/\/www.youtube.com\/embed\/EFcrQtBhBNk?feature=oembed\" frameborder=\"0\" allowfullscreen><\/iframe>\n<\/div>\n\n\n\n<p>A can\u00e7\u00e3o fala de ciclos e de regressos, do vai e vem que existe entre o amor e o tempo. H\u00e1 nela a serenidade de quem j\u00e1 entendeu que tudo passa, e a for\u00e7a de quem continua a acreditar que o amor, quando \u00e9 verdadeiro, volta sempre. <\/p>\n\n\n\n<div class=\"wp-block-embed__wrapper\">\n<iframe style=\"border-radius: 12px\" width=\"100%\" height=\"352\" frameborder=\"0\" allowfullscreen src=\"https:\/\/open.spotify.com\/embed\/album\/2snqaSxQ71aj5U89JImhxL?si=67g81aTXQJ2A4VBXrSJe1Q&#038;utm_source=oembed\"><\/iframe>\n<\/div>","protected":false},"excerpt":{"rendered":"<p>\u201cMar\u00e9\u201d, o novo tema de Ricardo Ribeiro e Ana Moura, junta dois int\u00e9rpretes que carregam o Fado no sangue, mas que j\u00e1 h\u00e1 muito deixaram de caber nas fronteiras dele, cruzam-se aqui num gesto de maturidade e entrega. A can\u00e7\u00e3o fala de ciclos e de regressos, do vai e vem que existe entre o amor<\/p>","protected":false},"author":1,"featured_media":7947,"comment_status":"open","ping_status":"open","sticky":false,"template":"","format":"standard","meta":[],"categories":[1,26],"tags":[810,87,1106],"_links":{"self":[{"href":"https:\/\/www.ecletismomusical.pt\/en\/wp-json\/wp\/v2\/posts\/7946"}],"collection":[{"href":"https:\/\/www.ecletismomusical.pt\/en\/wp-json\/wp\/v2\/posts"}],"about":[{"href":"https:\/\/www.ecletismomusical.pt\/en\/wp-json\/wp\/v2\/types\/post"}],"author":[{"embeddable":true,"href":"https:\/\/www.ecletismomusical.pt\/en\/wp-json\/wp\/v2\/users\/1"}],"replies":[{"embeddable":true,"href":"https:\/\/www.ecletismomusical.pt\/en\/wp-json\/wp\/v2\/comments?post=7946"}],"version-history":[{"count":2,"href":"https:\/\/www.ecletismomusical.pt\/en\/wp-json\/wp\/v2\/posts\/7946\/revisions"}],"predecessor-version":[{"id":7949,"href":"https:\/\/www.ecletismomusical.pt\/en\/wp-json\/wp\/v2\/posts\/7946\/revisions\/7949"}],"wp:featuredmedia":[{"embeddable":true,"href":"https:\/\/www.ecletismomusical.pt\/en\/wp-json\/wp\/v2\/media\/7947"}],"wp:attachment":[{"href":"https:\/\/www.ecletismomusical.pt\/en\/wp-json\/wp\/v2\/media?parent=7946"}],"wp:term":[{"taxonomy":"category","embeddable":true,"href":"https:\/\/www.ecletismomusical.pt\/en\/wp-json\/wp\/v2\/categories?post=7946"},{"taxonomy":"post_tag","embeddable":true,"href":"https:\/\/www.ecletismomusical.pt\/en\/wp-json\/wp\/v2\/tags?post=7946"}],"curies":[{"name":"wp","href":"https:\/\/api.w.org\/{rel}","templated":true}]}}