{"id":7959,"date":"2025-10-31T14:52:00","date_gmt":"2025-10-31T14:52:00","guid":{"rendered":"https:\/\/www.ecletismomusical.pt\/?p=7959"},"modified":"2025-10-31T14:57:59","modified_gmt":"2025-10-31T14:57:59","slug":"worth-listening-to-rita-braga-fado-tango","status":"publish","type":"post","link":"https:\/\/www.ecletismomusical.pt\/en\/worth-listening-to-rita-braga-fado-tango\/","title":{"rendered":"[Worth Listening to] Rita Braga &#8211; Fado Tango"},"content":{"rendered":"<p><a href=\"https:\/\/www.instagram.com\/superbraguita\/\">Rita Braga<\/a>,  uma das artistas mais singulares e originais do panorama musical portugu\u00eas lan\u00e7a <strong>\u201cFado Tango\u201d<\/strong>, single de avan\u00e7o do seu quinto \u00e1lbum, <strong>Fado Tropical<\/strong>, com lan\u00e7amento previsto para mar\u00e7o de 2026. Ser\u00e1 o seu primeiro disco cantado integralmente em portugu\u00eas, no qual atravessa os prim\u00f3rdios do fado, conduzindo-o a novos territ\u00f3rios sonoros.<\/p>\n\n\n\n<div class=\"wp-block-embed__wrapper\">\n<iframe width=\"900\" height=\"506\" src=\"https:\/\/www.youtube.com\/embed\/0PMmPGBPY2s?feature=oembed\" frameborder=\"0\" allowfullscreen><\/iframe>\n<\/div>\n\n\n\n<p><em>Numa quase reinven\u00e7\u00e3o art\u00edstica, mas preservando a sua marca minimalista e singular, <strong>Rita Braga<\/strong> mergulha pela primeira vez no universo do fado, atrav\u00e9s de uma pesquisa de documentos hist\u00f3ricos e grava\u00e7\u00f5es do princ\u00edpio do s\u00e9culo passado, e tr\u00e1-lo para uma nova paisagem sonora. Inspirado numa grava\u00e7\u00e3o de<strong> Erc\u00edlia Costa<\/strong> de 1930, <strong>Fado Tango<\/strong> resgata um tema do passado e veste-o de arranjos elegantes e cinematogr\u00e1ficos, onde a voz e ukulele de Rita se cruzam com a marimba de <strong>Ryoko Imai<\/strong>, o violoncelo de <strong>Bruna Moura<\/strong> e o saxofone de <strong>Jo\u00e3o Cabrita<\/strong>. A mistura ficou a cargo de <strong>Suse Ribeiro<\/strong> e a masteriza\u00e7\u00e3o de <strong>T\u00f3 Pinheiro da Silva<\/strong>.<\/em><\/p>\n\n\n<p><iframe style=\"border: 0;width: 100%;height: 120px\" src=\"https:\/\/bandcamp.com\/EmbeddedPlayer\/track=3246427022\/size=large\/bgcol=ffffff\/linkcol=0687f5\/tracklist=false\/artwork=small\/transparent=true\/\"><a href=\"https:\/\/ritabraga.bandcamp.com\/track\/fado-tango\">Fado Tango by Rita Braga<\/a><\/iframe><\/p>\n\n\n<p><em>O single \u00e9 acompanhado por um videoclip realizado por <strong>Joana Linda<\/strong>, no qual Rita explora a sua dimens\u00e3o performativa e presta homenagem \u00e0s vozes esquecidas das mulheres pioneiras do g\u00e9nero \u2014 das cantadeiras meretrizes do s\u00e9culo XIX \u00e0s atrizes de revista das primeiras d\u00e9cadas do s\u00e9culo XX.<\/em><\/p>\n\n\n\n<p>Foto: Sara Rafael.<\/p>","protected":false},"excerpt":{"rendered":"<p>Rita Braga, uma das artistas mais singulares e originais do panorama musical portugu\u00eas lan\u00e7a \u201cFado Tango\u201d, single de avan\u00e7o do seu quinto \u00e1lbum, Fado Tropical, com lan\u00e7amento previsto para mar\u00e7o de 2026. Ser\u00e1 o seu primeiro disco cantado integralmente em portugu\u00eas, no qual atravessa os prim\u00f3rdios do fado, conduzindo-o a novos territ\u00f3rios sonoros. Numa quase<\/p>","protected":false},"author":1,"featured_media":7960,"comment_status":"open","ping_status":"open","sticky":false,"template":"","format":"standard","meta":[],"categories":[1,26,263,30],"tags":[87,1387,115],"_links":{"self":[{"href":"https:\/\/www.ecletismomusical.pt\/en\/wp-json\/wp\/v2\/posts\/7959"}],"collection":[{"href":"https:\/\/www.ecletismomusical.pt\/en\/wp-json\/wp\/v2\/posts"}],"about":[{"href":"https:\/\/www.ecletismomusical.pt\/en\/wp-json\/wp\/v2\/types\/post"}],"author":[{"embeddable":true,"href":"https:\/\/www.ecletismomusical.pt\/en\/wp-json\/wp\/v2\/users\/1"}],"replies":[{"embeddable":true,"href":"https:\/\/www.ecletismomusical.pt\/en\/wp-json\/wp\/v2\/comments?post=7959"}],"version-history":[{"count":2,"href":"https:\/\/www.ecletismomusical.pt\/en\/wp-json\/wp\/v2\/posts\/7959\/revisions"}],"predecessor-version":[{"id":7962,"href":"https:\/\/www.ecletismomusical.pt\/en\/wp-json\/wp\/v2\/posts\/7959\/revisions\/7962"}],"wp:featuredmedia":[{"embeddable":true,"href":"https:\/\/www.ecletismomusical.pt\/en\/wp-json\/wp\/v2\/media\/7960"}],"wp:attachment":[{"href":"https:\/\/www.ecletismomusical.pt\/en\/wp-json\/wp\/v2\/media?parent=7959"}],"wp:term":[{"taxonomy":"category","embeddable":true,"href":"https:\/\/www.ecletismomusical.pt\/en\/wp-json\/wp\/v2\/categories?post=7959"},{"taxonomy":"post_tag","embeddable":true,"href":"https:\/\/www.ecletismomusical.pt\/en\/wp-json\/wp\/v2\/tags?post=7959"}],"curies":[{"name":"wp","href":"https:\/\/api.w.org\/{rel}","templated":true}]}}