{"id":797,"date":"2007-06-13T10:10:00","date_gmt":"2007-06-13T10:10:00","guid":{"rendered":"https:\/\/ecletismomusical.pt\/fmm-2007\/"},"modified":"2007-06-13T10:10:00","modified_gmt":"2007-06-13T10:10:00","slug":"fmm-2007","status":"publish","type":"post","link":"https:\/\/www.ecletismomusical.pt\/en\/fmm-2007\/","title":{"rendered":"FMM 2007"},"content":{"rendered":"<div style=\"text-align: justify\"><span style=\"font-family: arial\">Entre 20 e 28 de Julho, o Festival M\u00fasicas do Mundo, o maior do g\u00e9nero realizado em Portugal, regressa a Sines e Porto Covo para nove dias de m\u00fasica com 32 concertos dos cinco continentes.<\/span><\/p>\n<p><a style=\"font-family: arial\" href=\"http:\/\/www.fmm.com.pt\/index.htm\">Programa<\/a><\/div>\n<p><\/p>","protected":false},"excerpt":{"rendered":"<p>Entre 20 e 28 de Julho, o Festival M\u00fasicas do Mundo, o maior do g\u00e9nero realizado em Portugal, regressa a Sines e Porto Covo para nove dias de m\u00fasica com 32 concertos dos cinco continentes. Programa<\/p>","protected":false},"author":1,"featured_media":0,"comment_status":"open","ping_status":"open","sticky":false,"template":"","format":"standard","meta":[],"categories":[1],"tags":[],"_links":{"self":[{"href":"https:\/\/www.ecletismomusical.pt\/en\/wp-json\/wp\/v2\/posts\/797"}],"collection":[{"href":"https:\/\/www.ecletismomusical.pt\/en\/wp-json\/wp\/v2\/posts"}],"about":[{"href":"https:\/\/www.ecletismomusical.pt\/en\/wp-json\/wp\/v2\/types\/post"}],"author":[{"embeddable":true,"href":"https:\/\/www.ecletismomusical.pt\/en\/wp-json\/wp\/v2\/users\/1"}],"replies":[{"embeddable":true,"href":"https:\/\/www.ecletismomusical.pt\/en\/wp-json\/wp\/v2\/comments?post=797"}],"version-history":[{"count":0,"href":"https:\/\/www.ecletismomusical.pt\/en\/wp-json\/wp\/v2\/posts\/797\/revisions"}],"wp:attachment":[{"href":"https:\/\/www.ecletismomusical.pt\/en\/wp-json\/wp\/v2\/media?parent=797"}],"wp:term":[{"taxonomy":"category","embeddable":true,"href":"https:\/\/www.ecletismomusical.pt\/en\/wp-json\/wp\/v2\/categories?post=797"},{"taxonomy":"post_tag","embeddable":true,"href":"https:\/\/www.ecletismomusical.pt\/en\/wp-json\/wp\/v2\/tags?post=797"}],"curies":[{"name":"wp","href":"https:\/\/api.w.org\/{rel}","templated":true}]}}