{"id":807,"date":"2007-04-26T14:51:00","date_gmt":"2007-04-26T14:51:00","guid":{"rendered":"https:\/\/ecletismomusical.pt\/compilacao-musica-portuguesa\/"},"modified":"2007-04-26T14:51:00","modified_gmt":"2007-04-26T14:51:00","slug":"compilacao-musica-portuguesa","status":"publish","type":"post","link":"https:\/\/www.ecletismomusical.pt\/en\/compilacao-musica-portuguesa\/","title":{"rendered":"Compila\u00e7\u00e3o M\u00fasica Portuguesa"},"content":{"rendered":"<p><a href=\"http:\/\/www.zshare.net\/download\/54247731751600d8\/\"><img style=\"cursor: pointer\" src=\"http:\/\/2.bp.blogspot.com\/_D55cn-YT1LU\/RjC8BrflxQI\/AAAAAAAAAAo\/Umq_M-N0gEw\/s320\/cover.JPG\" alt=\"\" id=\"BLOGGER_PHOTO_ID_5057749118578181378\" \/><\/a><\/p>\n<div style=\"text-align: justify\"><span style=\"font-family:arial\">O EM, a pedido de uma leitora\/amiga do blog de nacionalidade estrangeira, apresenta uma descomplexada e simples compila\u00e7\u00e3o da M\u00fasica Portuguesa, que poder\u00e1 servir para dar a conhecer, particularmente aos estrangeiros, alguns dos cl\u00e1ssicos do panorama nacional. O EM tem exclusivamente como objectivo divulgar a M\u00fasica Portuguesa.<\/span><\/div>\n<div style=\"text-align: justify\"><span style=\"font-weight: bold;font-family:arial\">A simple compilation of Portuguese Music that can be a good form for the foreigners to know some of the main artists of Portugal.<\/span><\/div>\n<p><span style=\"font-family:arial\"><span style=\"font-weight: bold\"><a href=\"http:\/\/www.zshare.net\/download\/54247731751600d8\/\"><span>Download AQUI!<\/span><\/a> <\/span>(75 Mb)<\/span><\/p>\n<p><span style=\"font-weight: bold;font-family:arial\">Alinhamento:<\/span><\/p>\n<p><span style=\"font-family:arial;font-size:85%\">01 &#8211; O Amor a Portugal &#8211; <\/span><span style=\"font-weight: bold;font-family:arial;font-size:85%\">Dulce Pontes<\/span><span style=\"font-size:85%\"><br \/><\/span><span style=\"font-family:arial;font-size:85%\">02 &#8211; \u00c9 P&#8217;ra Manh\u00e3 &#8211; <\/span><span style=\"font-weight: bold;font-family:arial;font-size:85%\">Ant\u00f3nio Varia\u00e7\u00f5es<\/span><span style=\"font-size:85%\"><br \/><\/span><span style=\"font-family:arial;font-size:85%\">03 &#8211; O Homem do Leme &#8211; <\/span><span style=\"font-weight: bold;font-family:arial;font-size:85%\">Xutos &amp; Pontap\u00e9s<\/span><span style=\"font-size:85%\"><br \/><\/span><span style=\"font-family:arial;font-size:85%\">04 &#8211; Tudo o Que eu te dou &#8211; <\/span><span style=\"font-weight: bold;font-family:arial;font-size:85%\">Pedro Abrunhosa<\/span><span style=\"font-size:85%\"><br \/><\/span><span style=\"font-family:arial;font-size:85%\">05 &#8211; H\u00e1 Uma M\u00fasica Do Povo &#8211; <\/span><span style=\"font-weight: bold;font-family:arial;font-size:85%\">Mariza<\/span><span style=\"font-size:85%\"><br \/><\/span><span style=\"font-family:arial;font-size:85%\">06 &#8211; Problema de Express\u00e3o &#8211; <\/span><span style=\"font-weight: bold;font-family:arial;font-size:85%\">Cl\u00e3<\/span><span style=\"font-size:85%\"><br \/><\/span><span style=\"font-family:arial;font-size:85%\">07 &#8211; Acorda &#8211; <\/span><span style=\"font-weight: bold;font-family:arial;font-size:85%\">GNR<\/span><span style=\"font-size:85%\"><br \/><\/span><span style=\"font-family:arial;font-size:85%\">08 &#8211; Sete Peda\u00e7os de Vento &#8211; <\/span><span style=\"font-weight: bold;font-family:arial;font-size:85%\">Cristina Branco<\/span><span style=\"font-size:85%\"><br \/><\/span><span style=\"font-family:arial;font-size:85%\">09 &#8211; Porto Sentido &#8211; <\/span><span style=\"font-weight: bold;font-family:arial;font-size:85%\">Rui Veloso<\/span><span style=\"font-size:85%\"><br \/><\/span><span style=\"font-family:arial;font-size:85%\">10 &#8211; Velho &#8211; <\/span><span style=\"font-weight: bold;font-family:arial;font-size:85%\">Mafalda Veiga<\/span><span style=\"font-size:85%\"><br \/><\/span><span style=\"font-family:arial;font-size:85%\">11 &#8211; Sete Mares &#8211; <\/span><span style=\"font-weight: bold;font-family:arial;font-size:85%\">S\u00e9tima Legi\u00e3o<\/span><span style=\"font-size:85%\"><br \/><\/span><span style=\"font-family:arial;font-size:85%\">12 &#8211; \u00c1s Vezes o Amor &#8211; <\/span><span style=\"font-weight: bold;font-family:arial;font-size:85%\">S\u00e9rgio Godinho<\/span><span style=\"font-size:85%\"><br \/><\/span><span style=\"font-family:arial;font-size:85%\">13 &#8211; A Gente Vai Continuar &#8211; <\/span><span style=\"font-weight: bold;font-family:arial;font-size:85%\">Jorge Palma<\/span><span style=\"font-size:85%\"><br \/><\/span><span style=\"font-family:arial;font-size:85%\">14 &#8211; Menina dos Olhos d&#8217;\u00c1gua &#8211; <\/span><span style=\"font-weight: bold;font-family:arial;font-size:85%\">Pedro Barroso<\/span><span style=\"font-size:85%\"><br \/><\/span><span style=\"font-family:arial;font-size:85%\">15 &#8211; Eu Sei &#8211; <\/span><span style=\"font-weight: bold;font-family:arial;font-size:85%\">Sara Tavares<\/span><span style=\"font-size:85%\"><br \/><\/span><span style=\"font-family:arial;font-size:85%\">16 &#8211; Era Um Redondo Voc\u00e1bulo &#8211; <\/span><span style=\"font-weight: bold;font-family:arial;font-size:85%\">Jos\u00e9(Zeca) Afonso<\/span><span style=\"font-size:85%\"><br \/><\/span><span style=\"font-family:arial;font-size:85%\">17 &#8211; Quando Eu Te Falei de Amor &#8211; <\/span><span style=\"font-weight: bold;font-family:arial;font-size:85%\">Andr\u00e9 Sardet<\/span><span style=\"font-size:85%\"><br \/><\/span><span style=\"font-family:arial;font-size:85%\">18 &#8211; Feiticeira &#8211; <\/span><span style=\"font-weight: bold;font-family:arial;font-size:85%\">Lu\u00eds Represas<\/span><span style=\"font-size:85%\"><br \/><\/span><span style=\"font-family:arial;font-size:85%\">19 &#8211; Vaca de Fogo &#8211; <\/span><span style=\"font-weight: bold;font-family:arial;font-size:85%\">Madredeus<\/span><span style=\"font-size:85%\"><br \/><\/span><span style=\"font-family:arial;font-size:85%\">20 &#8211; Muda de Vida &#8211; <\/span><span style=\"font-weight: bold;font-family:arial;font-size:85%\">Humanos<\/span><\/p>","protected":false},"excerpt":{"rendered":"<p>O EM, a pedido de uma leitora\/amiga do blog de nacionalidade estrangeira, apresenta uma descomplexada e simples compila\u00e7\u00e3o da M\u00fasica Portuguesa, que poder\u00e1 servir para dar a conhecer, particularmente aos estrangeiros, alguns dos cl\u00e1ssicos do panorama nacional. O EM tem exclusivamente como objectivo divulgar a M\u00fasica Portuguesa. A simple compilation of Portuguese Music that can<\/p>","protected":false},"author":1,"featured_media":0,"comment_status":"open","ping_status":"open","sticky":false,"template":"","format":"standard","meta":[],"categories":[1],"tags":[],"_links":{"self":[{"href":"https:\/\/www.ecletismomusical.pt\/en\/wp-json\/wp\/v2\/posts\/807"}],"collection":[{"href":"https:\/\/www.ecletismomusical.pt\/en\/wp-json\/wp\/v2\/posts"}],"about":[{"href":"https:\/\/www.ecletismomusical.pt\/en\/wp-json\/wp\/v2\/types\/post"}],"author":[{"embeddable":true,"href":"https:\/\/www.ecletismomusical.pt\/en\/wp-json\/wp\/v2\/users\/1"}],"replies":[{"embeddable":true,"href":"https:\/\/www.ecletismomusical.pt\/en\/wp-json\/wp\/v2\/comments?post=807"}],"version-history":[{"count":0,"href":"https:\/\/www.ecletismomusical.pt\/en\/wp-json\/wp\/v2\/posts\/807\/revisions"}],"wp:attachment":[{"href":"https:\/\/www.ecletismomusical.pt\/en\/wp-json\/wp\/v2\/media?parent=807"}],"wp:term":[{"taxonomy":"category","embeddable":true,"href":"https:\/\/www.ecletismomusical.pt\/en\/wp-json\/wp\/v2\/categories?post=807"},{"taxonomy":"post_tag","embeddable":true,"href":"https:\/\/www.ecletismomusical.pt\/en\/wp-json\/wp\/v2\/tags?post=807"}],"curies":[{"name":"wp","href":"https:\/\/api.w.org\/{rel}","templated":true}]}}