{"id":809,"date":"2007-04-23T13:35:00","date_gmt":"2007-04-23T13:35:00","guid":{"rendered":"https:\/\/ecletismomusical.pt\/25-de-abril-zeca-afonso\/"},"modified":"2007-04-23T13:35:00","modified_gmt":"2007-04-23T13:35:00","slug":"25-de-abril-zeca-afonso","status":"publish","type":"post","link":"https:\/\/www.ecletismomusical.pt\/en\/25-de-abril-zeca-afonso\/","title":{"rendered":"25 de Abril &#8211; Zeca Afonso"},"content":{"rendered":"<p><a href=\"http:\/\/www.aja.pt\/\"><img style=\"width: 293px;height: 427px\" src=\"http:\/\/milmaisuma.leiturascom.net\/arquivo\/Zeca%20Afonso.jpg\" \/><\/a><\/p>\n<div style=\"text-align: justify\"><span style=\"font-family:arial\">A <\/span><a style=\"font-family: arial\" href=\"http:\/\/www.rtp.pt\/programas\/index.php?article=1755&amp;visual=4\">RTP<\/a><span style=\"font-family:arial\"> ir\u00e1 apresentar duas grandes homenagens prestadas a um dos maiores nomes da m\u00fasica portuguesa! A N\u00e3o perder!<\/span><\/div>\n<p><\/p>\n<div style=\"text-align: justify;font-family:arial\"><span style=\"font-size:85%\"><span style=\"font-style: italic;font-weight: bold;font-family: arial;font-size:85%\">\u00abSEMPRE ABRIL &#8211; &#8220;HOMENAGEM A ZECA AFONSO&#8221;<\/span><span style=\"font-size:85%\"><\/p>\n<p><\/span><span style=\"font-style: italic;font-family: arial;font-size:85%\">A Galiza n\u00e3o se esquece do homem que foi &#8220;Maior Que o Pensamento&#8221; &#8211; Zeca Afonso!<\/span><span style=\"font-size:85%\"><\/p>\n<p><\/span><span style=\"font-style: italic;font-family: arial;font-size:85%\">Um dos grandes cantores do s\u00e9culo XX, que tanta rela\u00e7\u00e3o tinha com a Galiza, numa homenagem feita por m\u00fasicos e poetas.<\/span><span style=\"font-size:85%\"><\/p>\n<p><\/span><span style=\"font-style: italic;font-family: arial;font-size:85%\">Jos\u00e9 Manuel Cerqueira Afonso dos Santos mais conhecido por Zeca Afonso, foi um cantor e compositor portugu\u00eas que escreveu, entre outras coisas, m\u00fasica de cr\u00edtica \u00e1 ditadura fascista que existiu em Portugal desde 1933 at\u00e9 1974.<\/span><span style=\"font-size:85%\"><\/p>\n<p><\/span><span style=\"font-style: italic;font-family: arial;font-size:85%\">Silvia Alberto co-apresenta, com o galego Carlos Blanco, o espect\u00e1culo que assinala a Revolu\u00e7\u00e3o dos Cravos e presta homenagem a Zeca Afonso.<\/span><span style=\"font-size:85%\"><\/p>\n<p><\/span><span style=\"font-style: italic;font-weight: bold;font-family: arial;font-size:85%\">Dia 24 de Abril, \u00e0s 23h00 , na RTP!<\/span><span style=\"font-size:85%\"><\/p>\n<p><\/span><span style=\"font-style: italic;font-weight: bold;font-family: arial;font-size:85%\">N\u00c3O ME OBRIGUEM A VIR PARA A RUA GRITAR &#8211; &#8220;TRIBUTO A ZECA AFONSO&#8221;<\/span><span style=\"font-size:85%\"><\/p>\n<p><\/span><span style=\"font-style: italic;font-family: arial;font-size:85%\">O Homem e a Obra marcaram toda uma gera\u00e7\u00e3o de portugueses. E deixaram uma heran\u00e7a social e cultural \u00e0s gera\u00e7\u00f5es seguintes. Todos temos um pouco de Zeca Afonso, um homem cujo g\u00e9nio ultrapassa qualquer \u00e9poca ou cataloga\u00e7\u00e3o. Um homem cuja mensagem \u00e9 veiculada por letras que se revelam sempre actuais.<\/span><span style=\"font-size:85%\"><\/p>\n<p><\/span><span style=\"font-style: italic;font-family: arial;font-size:85%\">A aposta forte deste programa reside numa abordagem de conte\u00fados que pretende captar por um lado a actualidade da mensagem do Zeca e por outro a faceta mais humana da sua vida.<\/span><span style=\"font-size:85%\"><\/p>\n<p><\/span><span style=\"font-style: italic\"><span style=\"font-weight: bold;font-family: arial;font-size:85%\">Dia 25 de Abril, \u00e0s 17h45 , na RTP!<\/span><span style=\"font-size:85%\"><span style=\"font-family: arial\">\u00bb<\/span><\/span><\/p>\n<p><br \/><\/span><\/span><\/div>","protected":false},"excerpt":{"rendered":"<p>A RTP ir\u00e1 apresentar duas grandes homenagens prestadas a um dos maiores nomes da m\u00fasica portuguesa! A N\u00e3o perder! \u00abSEMPRE ABRIL &#8211; &#8220;HOMENAGEM A ZECA AFONSO&#8221; A Galiza n\u00e3o se esquece do homem que foi &#8220;Maior Que o Pensamento&#8221; &#8211; Zeca Afonso! Um dos grandes cantores do s\u00e9culo XX, que tanta rela\u00e7\u00e3o tinha com a<\/p>","protected":false},"author":1,"featured_media":0,"comment_status":"open","ping_status":"open","sticky":false,"template":"","format":"standard","meta":[],"categories":[1],"tags":[],"_links":{"self":[{"href":"https:\/\/www.ecletismomusical.pt\/en\/wp-json\/wp\/v2\/posts\/809"}],"collection":[{"href":"https:\/\/www.ecletismomusical.pt\/en\/wp-json\/wp\/v2\/posts"}],"about":[{"href":"https:\/\/www.ecletismomusical.pt\/en\/wp-json\/wp\/v2\/types\/post"}],"author":[{"embeddable":true,"href":"https:\/\/www.ecletismomusical.pt\/en\/wp-json\/wp\/v2\/users\/1"}],"replies":[{"embeddable":true,"href":"https:\/\/www.ecletismomusical.pt\/en\/wp-json\/wp\/v2\/comments?post=809"}],"version-history":[{"count":0,"href":"https:\/\/www.ecletismomusical.pt\/en\/wp-json\/wp\/v2\/posts\/809\/revisions"}],"wp:attachment":[{"href":"https:\/\/www.ecletismomusical.pt\/en\/wp-json\/wp\/v2\/media?parent=809"}],"wp:term":[{"taxonomy":"category","embeddable":true,"href":"https:\/\/www.ecletismomusical.pt\/en\/wp-json\/wp\/v2\/categories?post=809"},{"taxonomy":"post_tag","embeddable":true,"href":"https:\/\/www.ecletismomusical.pt\/en\/wp-json\/wp\/v2\/tags?post=809"}],"curies":[{"name":"wp","href":"https:\/\/api.w.org\/{rel}","templated":true}]}}