{"id":814,"date":"2007-03-27T16:05:00","date_gmt":"2007-03-27T16:05:00","guid":{"rendered":"https:\/\/ecletismomusical.pt\/lenine-no-tivoli\/"},"modified":"2007-03-27T16:05:00","modified_gmt":"2007-03-27T16:05:00","slug":"lenine-no-tivoli","status":"publish","type":"post","link":"https:\/\/www.ecletismomusical.pt\/en\/lenine-no-tivoli\/","title":{"rendered":"Lenine no Tivoli"},"content":{"rendered":"<p><a href=\"http:\/\/www.lenine.com.br\/\"><img style=\"width: 289px;height: 270px\" src=\"http:\/\/www.summerstage.org\/s706\/images\/lenine.jpg\" \/><\/a><\/p>\n<div style=\"text-align: justify;font-style: italic;font-family:arial\"><span style=\"font-size:85%\">\u00abChamam-lhe &#8220;cronista sonoro&#8221; pela capacidade de contar hist\u00f3rias do dia-a-dia num tom contagiante. Come\u00e7a por absorver as misturas \u00e9tnicas da m\u00fasica tradicional brasileira para depois marcar encontro com as linguagens el\u00e9ctricas do rock. Lenine regressa agora para apresentar &#8220;Ac\u00fastico MTV&#8221; no Tivoli, em Lisboa, a 28 de Mar\u00e7o.<br \/>&#8220;Ac\u00fastico MTV&#8221; \u00e9 um trabalho ao vivo, registado sobretudo com instrumentos ac\u00fasticos. \u00c9 o tipo de registo que, para os f\u00e3s, \u00e9 uma mais-valia, por apresentar as can\u00e7\u00f5es trabalhadas para novo formato, na boa tradi\u00e7\u00e3o dos &#8220;unplugged&#8221; da cadeia de televis\u00e3o. Por outro lado, como re\u00fane alguns dos maiores momentos da sua carreira, \u00e9 o objecto ideal para dar a conhecer a sua m\u00fasica a quem lhe conseguiu resistir.<\/p>\n<p>A liberdade das formas de express\u00e3o \u00e9 o tra\u00e7o comum da discogr\u00e1fica de Lenine: sem barreiras e com uma criatividade imensa reparte-se por in\u00fameras actividades (teatro, televis\u00e3o, sambas-enredo, etc.).<\/p>\n<p>Testemunho disso mesmo \u00e9 a extensa lista de colabora\u00e7\u00f5es com outros artistas, que inclui nomes como Dionne Warwick, Gilberto Gil, Chico C\u00e9sar, Djavan, Elba Ramalho, Fernanda Abreu, O Rappa, Z\u00e9lia Duncan, Ces\u00e1ria \u00c9vora, Arnaldo Antunes, Maria Beth\u00e2nia, Daniela Mercury, Ney Matogrosso, Gabriel O Pensador, Maria Rita ou Pedro Abrunhosa.<\/p>\n<p>PUBLICO.PT\u00bb<br \/><span style=\"font-size:100%\"><br \/><span style=\"font-weight: bold;font-family:arial\">Tivoli, Lisboa<\/span><br \/><span style=\"font-weight: bold;font-family:arial\">Dia 28-03-2007<\/span><br \/><span style=\"font-weight: bold;font-family:arial\">Quarta \u00c0s 22h<\/span><\/span><br \/><\/span><span style=\"font-family:arial\"> 35\u20ac (1\u00aa plateia); 30\u20ac (2\u00aa plateia); 30\u20ac (frisas); 20\u20ac a 27,5\u20ac (balc\u00e3o). Camarotes: 27,5\u20ac.<\/span><\/div>\n<p><span style=\"font-family: arial\">Paci\u00eancia &#8211; Lenine<\/span><br \/><\/p>","protected":false},"excerpt":{"rendered":"<p>\u00abChamam-lhe &#8220;cronista sonoro&#8221; pela capacidade de contar hist\u00f3rias do dia-a-dia num tom contagiante. Come\u00e7a por absorver as misturas \u00e9tnicas da m\u00fasica tradicional brasileira para depois marcar encontro com as linguagens el\u00e9ctricas do rock. Lenine regressa agora para apresentar &#8220;Ac\u00fastico MTV&#8221; no Tivoli, em Lisboa, a 28 de Mar\u00e7o.&#8220;Ac\u00fastico MTV&#8221; \u00e9 um trabalho ao vivo, registado<\/p>","protected":false},"author":1,"featured_media":0,"comment_status":"open","ping_status":"open","sticky":false,"template":"","format":"standard","meta":[],"categories":[1],"tags":[],"_links":{"self":[{"href":"https:\/\/www.ecletismomusical.pt\/en\/wp-json\/wp\/v2\/posts\/814"}],"collection":[{"href":"https:\/\/www.ecletismomusical.pt\/en\/wp-json\/wp\/v2\/posts"}],"about":[{"href":"https:\/\/www.ecletismomusical.pt\/en\/wp-json\/wp\/v2\/types\/post"}],"author":[{"embeddable":true,"href":"https:\/\/www.ecletismomusical.pt\/en\/wp-json\/wp\/v2\/users\/1"}],"replies":[{"embeddable":true,"href":"https:\/\/www.ecletismomusical.pt\/en\/wp-json\/wp\/v2\/comments?post=814"}],"version-history":[{"count":0,"href":"https:\/\/www.ecletismomusical.pt\/en\/wp-json\/wp\/v2\/posts\/814\/revisions"}],"wp:attachment":[{"href":"https:\/\/www.ecletismomusical.pt\/en\/wp-json\/wp\/v2\/media?parent=814"}],"wp:term":[{"taxonomy":"category","embeddable":true,"href":"https:\/\/www.ecletismomusical.pt\/en\/wp-json\/wp\/v2\/categories?post=814"},{"taxonomy":"post_tag","embeddable":true,"href":"https:\/\/www.ecletismomusical.pt\/en\/wp-json\/wp\/v2\/tags?post=814"}],"curies":[{"name":"wp","href":"https:\/\/api.w.org\/{rel}","templated":true}]}}