{"id":816,"date":"2007-03-15T15:25:00","date_gmt":"2007-03-15T15:25:00","guid":{"rendered":"https:\/\/ecletismomusical.pt\/festival-da-cancao-2007\/"},"modified":"2007-03-15T15:25:00","modified_gmt":"2007-03-15T15:25:00","slug":"festival-da-cancao-2007","status":"publish","type":"post","link":"https:\/\/www.ecletismomusical.pt\/en\/festival-da-cancao-2007\/","title":{"rendered":"Festival da Can\u00e7\u00e3o 2007"},"content":{"rendered":"<p><a href=\"http:\/\/festivais.home.sapo.pt\/\"><img src=\"http:\/\/festivais.home.sapo.pt\/logofes.gif\" \/><\/a><\/p>\n<div style=\"text-align: justify\"><span style=\"font-family:arial\">Pois \u00e9, o Festival RTP da Can\u00e7\u00e3o ainda resiste. Mais uma vez, foi apurada a can\u00e7\u00e3o que ir\u00e1 representar Portugal, na semi-final da vers\u00e3o internacional do referido festival. A organiza\u00e7\u00e3o resolveu convidar 10 produtores e instituir a vota\u00e7\u00e3o popular como crit\u00e9rio de escolha. <\/span><\/p>\n<p><span style=\"font-family:arial\">Ou seja, as habituais chamadas de valor acrescentado, serviram para apurar a can\u00e7\u00e3o vencedora. Como n\u00e3o podia deixar de ser no pa\u00eds em que vivemos, apesar da vota\u00e7\u00e3o ser bastante baixa (n\u00e3o chegou a 9 mil chamadas para a vencedora), a verdade \u00e9 que a vencedora foi uma can\u00e7\u00e3o &#8220;pimba&#8221;, cujo produtor, para que n\u00e3o existam d\u00favidas da categoria da m\u00fasica, \u00e9 o Emanuel, o &#8220;auto-intitulado&#8221; rei da m\u00fasica pimba! <\/span><\/p>\n<p><span style=\"font-family:arial\">A can\u00e7\u00e3o \u00e9 lament\u00e1vel. De entre as 10 candidatas, que podem ser ouvidas aqui: <\/span><a style=\"font-family: arial\" href=\"http:\/\/festivaistv.home.sapo.pt\/\">Site Festival<\/a><span style=\"font-family:arial\">, havia algumas propostas interessantes, como a proposta de <span style=\"font-weight: bold\">Melo D e Elaisa<\/span>. Havia tamb\u00e9m uma abordagem totalmente nova, conjugando Hip-Hop com Fado, que aqui se deixa pelo seu eclectismo.<\/span><\/div>\n<p><span style=\"font-weight: bold;font-family:arial\">TribUrbana &#8211; D\u00e1-me a Lua<\/span><br \/><\/p>","protected":false},"excerpt":{"rendered":"<p>Pois \u00e9, o Festival RTP da Can\u00e7\u00e3o ainda resiste. Mais uma vez, foi apurada a can\u00e7\u00e3o que ir\u00e1 representar Portugal, na semi-final da vers\u00e3o internacional do referido festival. A organiza\u00e7\u00e3o resolveu convidar 10 produtores e instituir a vota\u00e7\u00e3o popular como crit\u00e9rio de escolha. Ou seja, as habituais chamadas de valor acrescentado, serviram para apurar a<\/p>","protected":false},"author":1,"featured_media":0,"comment_status":"open","ping_status":"open","sticky":false,"template":"","format":"standard","meta":[],"categories":[1],"tags":[],"_links":{"self":[{"href":"https:\/\/www.ecletismomusical.pt\/en\/wp-json\/wp\/v2\/posts\/816"}],"collection":[{"href":"https:\/\/www.ecletismomusical.pt\/en\/wp-json\/wp\/v2\/posts"}],"about":[{"href":"https:\/\/www.ecletismomusical.pt\/en\/wp-json\/wp\/v2\/types\/post"}],"author":[{"embeddable":true,"href":"https:\/\/www.ecletismomusical.pt\/en\/wp-json\/wp\/v2\/users\/1"}],"replies":[{"embeddable":true,"href":"https:\/\/www.ecletismomusical.pt\/en\/wp-json\/wp\/v2\/comments?post=816"}],"version-history":[{"count":0,"href":"https:\/\/www.ecletismomusical.pt\/en\/wp-json\/wp\/v2\/posts\/816\/revisions"}],"wp:attachment":[{"href":"https:\/\/www.ecletismomusical.pt\/en\/wp-json\/wp\/v2\/media?parent=816"}],"wp:term":[{"taxonomy":"category","embeddable":true,"href":"https:\/\/www.ecletismomusical.pt\/en\/wp-json\/wp\/v2\/categories?post=816"},{"taxonomy":"post_tag","embeddable":true,"href":"https:\/\/www.ecletismomusical.pt\/en\/wp-json\/wp\/v2\/tags?post=816"}],"curies":[{"name":"wp","href":"https:\/\/api.w.org\/{rel}","templated":true}]}}