{"id":821,"date":"2007-02-22T19:03:00","date_gmt":"2007-02-22T19:03:00","guid":{"rendered":"https:\/\/ecletismomusical.pt\/zeca-afonso-1929-1987\/"},"modified":"2007-02-22T19:03:00","modified_gmt":"2007-02-22T19:03:00","slug":"zeca-afonso-1929-1987","status":"publish","type":"post","link":"https:\/\/www.ecletismomusical.pt\/en\/zeca-afonso-1929-1987\/","title":{"rendered":"Zeca Afonso (1929-1987)"},"content":{"rendered":"<p><a href=\"http:\/\/www.aja.pt\/\"><img style=\"cursor: pointer\" src=\"http:\/\/2.bp.blogspot.com\/_D55cn-YT1LU\/Rd3dIdSlSCI\/AAAAAAAAAAU\/L9W4fcEvlMY\/s320\/Zeca+Afonso.jpg\" alt=\"\" id=\"BLOGGER_PHOTO_ID_5034423095841343522\" \/><\/a><\/p>\n<div style=\"text-align: justify\"><span style=\"font-family:arial\"><span style=\"font-style: italic\">\u00abEsta sexta-feira, dia 23, completam-se 20 anos sobre o desaparecimento de Zeca Afonso. Porque o cantor vive. A sua m\u00fasica n\u00e3o deixa de nos acompanhar; vive porque a data vai assinalar-se em todo o pa\u00eds, com um sem n\u00famero de eventos e espect\u00e1culos. Zeca Afonso, figura marcante da m\u00fasica portuguesa foi tamb\u00e9m um homem de d\u00favidas, de perguntas e interven\u00e7\u00f5es.\u00bb<\/span> Gra\u00e7a Costa Pereira<\/span><\/p>\n<p><span style=\"font-family:arial\">\u00abA 23 de Fevereiro de 1987, aos 57 anos, Jos\u00e9 Afonso, natural de Aveiro, morreu no Hospital de Set\u00fabal, v\u00edtima de esclerose lateral amiotr\u00f3fica.\u00bb<\/span><\/p>\n<p>Can\u00e7\u00e3o do Mar &#8211; Zeca Afonso<br \/>Via <a href=\"http:\/\/sonoridades.castpost.com\/\">Sonoridades<\/a><\/p>\n<p><span style=\"font-weight: bold;font-family:arial\">Informa\u00e7\u00f5es:<\/span><br \/><span style=\"font-family:arial\">Associa\u00e7\u00e3o <\/span><a style=\"font-family: arial\" href=\"http:\/\/www.aja.pt\/\">Jos\u00e9 Afonso<\/a><br \/><a style=\"font-family: arial\" href=\"http:\/\/pt.wikipedia.org\/wiki\/Zeca_Afonso\">Wikip\u00e9dia<\/a><br \/>Download do Album <a href=\"http:\/\/caixinhademusicas.blogspot.com\/2007\/02\/sons-mp3-jos-afonso_14.html\">Venham Mais Cinco<\/a><\/p>\n<p><span style=\"font-family: arial;font-weight: bold;font-family:arial\">&#8220;Eles comem tudo e n\u00e3o deixam nada&#8230;&#8221;<\/span><\/p>\n<\/div>","protected":false},"excerpt":{"rendered":"<p>\u00abEsta sexta-feira, dia 23, completam-se 20 anos sobre o desaparecimento de Zeca Afonso. Porque o cantor vive. A sua m\u00fasica n\u00e3o deixa de nos acompanhar; vive porque a data vai assinalar-se em todo o pa\u00eds, com um sem n\u00famero de eventos e espect\u00e1culos. Zeca Afonso, figura marcante da m\u00fasica portuguesa foi tamb\u00e9m um homem de<\/p>","protected":false},"author":1,"featured_media":0,"comment_status":"open","ping_status":"open","sticky":false,"template":"","format":"standard","meta":[],"categories":[1],"tags":[],"_links":{"self":[{"href":"https:\/\/www.ecletismomusical.pt\/en\/wp-json\/wp\/v2\/posts\/821"}],"collection":[{"href":"https:\/\/www.ecletismomusical.pt\/en\/wp-json\/wp\/v2\/posts"}],"about":[{"href":"https:\/\/www.ecletismomusical.pt\/en\/wp-json\/wp\/v2\/types\/post"}],"author":[{"embeddable":true,"href":"https:\/\/www.ecletismomusical.pt\/en\/wp-json\/wp\/v2\/users\/1"}],"replies":[{"embeddable":true,"href":"https:\/\/www.ecletismomusical.pt\/en\/wp-json\/wp\/v2\/comments?post=821"}],"version-history":[{"count":0,"href":"https:\/\/www.ecletismomusical.pt\/en\/wp-json\/wp\/v2\/posts\/821\/revisions"}],"wp:attachment":[{"href":"https:\/\/www.ecletismomusical.pt\/en\/wp-json\/wp\/v2\/media?parent=821"}],"wp:term":[{"taxonomy":"category","embeddable":true,"href":"https:\/\/www.ecletismomusical.pt\/en\/wp-json\/wp\/v2\/categories?post=821"},{"taxonomy":"post_tag","embeddable":true,"href":"https:\/\/www.ecletismomusical.pt\/en\/wp-json\/wp\/v2\/tags?post=821"}],"curies":[{"name":"wp","href":"https:\/\/api.w.org\/{rel}","templated":true}]}}