{"id":8281,"date":"2025-12-03T19:07:21","date_gmt":"2025-12-03T19:07:21","guid":{"rendered":"https:\/\/www.ecletismomusical.pt\/?p=8281"},"modified":"2025-12-03T19:13:09","modified_gmt":"2025-12-03T19:13:09","slug":"new-single-tuyo-branko-pro-mundo-ouvir","status":"publish","type":"post","link":"https:\/\/www.ecletismomusical.pt\/en\/new-single-tuyo-branko-pro-mundo-ouvir\/","title":{"rendered":"[New Single] Tuyo, Branko &#8211; Pro Mundo Ouvir"},"content":{"rendered":"<p>\u201cPro Mundo Ouvir\u201d, a colabora\u00e7\u00e3o entre os brasileiros <a href=\"https:\/\/www.instagram.com\/p\/DRewBb7EQyt\/\">Tuyo<\/a> e o produtor portugu\u00eas <a href=\"https:\/\/www.instagram.com\/brankoofficial\/\">Branko<\/a>, \u00e9 um encontro onde o calor emocional da voz se funde com a pulsa\u00e7\u00e3o eletr\u00f3nica de quem conhece o mundo pelo movimento.<\/p>\n\n\n\n<div class=\"wp-block-embed__wrapper\">\n<iframe width=\"900\" height=\"506\" src=\"https:\/\/www.youtube.com\/embed\/Ju96LAr9iP4?feature=oembed\" frameborder=\"0\" allowfullscreen><\/iframe>\n<\/div>\n\n\n\n<p>Esta n\u00e3o \u00e9 a primeira vez que Tuyo e Branko colaboram. No ano passado, o trio fez uma participa\u00e7\u00e3o especial no \u00e1lbum do produtor, \u201cSoma\u201d (2024) para a can\u00e7\u00e3o \u201cLeve\u201d. Conforme explica Lay Soares:\u201cQuando est\u00e1vamos com Branko para produzir essa nova m\u00fasica, ele falou sobre como, na \u00e9poca que criamos \u2018Leve\u2019, eu estava vivendo um momento de amor. Fui contando da minha vida para ele, e surgiu \u2018Pro Mundo Ouvir\u2019, que \u00e9 basicamente uma can\u00e7\u00e3o de t\u00e9rmino, de encerramento\u201d,<\/p>\n\n\n\n<div class=\"wp-block-embed__wrapper\">\n<iframe style=\"border-radius: 12px\" width=\"100%\" height=\"352\" frameborder=\"0\" allowfullscreen src=\"https:\/\/open.spotify.com\/embed\/album\/69pm6gZwdFLdy1fE3ZBeCb?si=42dGKbgCSIG1AFfj0yJcmw&#038;utm_source=oembed\"><\/iframe>\n<\/div>\n\n\n\n<p>\ud83d\udcf8 Divulga\u00e7\u00e3o\/Vi Santana (<a href=\"https:\/\/www.instagram.com\/saantana.vi\/\">@saantana.vi<\/a>)<\/p>","protected":false},"excerpt":{"rendered":"<p>\u201cPro Mundo Ouvir\u201d, a colabora\u00e7\u00e3o entre os brasileiros Tuyo e o produtor portugu\u00eas Branko, \u00e9 um encontro onde o calor emocional da voz se funde com a pulsa\u00e7\u00e3o eletr\u00f3nica de quem conhece o mundo pelo movimento. Esta n\u00e3o \u00e9 a primeira vez que Tuyo e Branko colaboram. No ano passado, o trio fez uma participa\u00e7\u00e3o<\/p>","protected":false},"author":1,"featured_media":8282,"comment_status":"open","ping_status":"open","sticky":false,"template":"","format":"standard","meta":[],"categories":[1,26,30],"tags":[684,87,441],"_links":{"self":[{"href":"https:\/\/www.ecletismomusical.pt\/en\/wp-json\/wp\/v2\/posts\/8281"}],"collection":[{"href":"https:\/\/www.ecletismomusical.pt\/en\/wp-json\/wp\/v2\/posts"}],"about":[{"href":"https:\/\/www.ecletismomusical.pt\/en\/wp-json\/wp\/v2\/types\/post"}],"author":[{"embeddable":true,"href":"https:\/\/www.ecletismomusical.pt\/en\/wp-json\/wp\/v2\/users\/1"}],"replies":[{"embeddable":true,"href":"https:\/\/www.ecletismomusical.pt\/en\/wp-json\/wp\/v2\/comments?post=8281"}],"version-history":[{"count":1,"href":"https:\/\/www.ecletismomusical.pt\/en\/wp-json\/wp\/v2\/posts\/8281\/revisions"}],"predecessor-version":[{"id":8283,"href":"https:\/\/www.ecletismomusical.pt\/en\/wp-json\/wp\/v2\/posts\/8281\/revisions\/8283"}],"wp:featuredmedia":[{"embeddable":true,"href":"https:\/\/www.ecletismomusical.pt\/en\/wp-json\/wp\/v2\/media\/8282"}],"wp:attachment":[{"href":"https:\/\/www.ecletismomusical.pt\/en\/wp-json\/wp\/v2\/media?parent=8281"}],"wp:term":[{"taxonomy":"category","embeddable":true,"href":"https:\/\/www.ecletismomusical.pt\/en\/wp-json\/wp\/v2\/categories?post=8281"},{"taxonomy":"post_tag","embeddable":true,"href":"https:\/\/www.ecletismomusical.pt\/en\/wp-json\/wp\/v2\/tags?post=8281"}],"curies":[{"name":"wp","href":"https:\/\/api.w.org\/{rel}","templated":true}]}}