{"id":829,"date":"2007-01-16T13:06:00","date_gmt":"2007-01-16T13:06:00","guid":{"rendered":"https:\/\/ecletismomusical.pt\/porque-os-sonhos-comandam-a-vida\/"},"modified":"2007-01-16T13:06:00","modified_gmt":"2007-01-16T13:06:00","slug":"porque-os-sonhos-comandam-a-vida","status":"publish","type":"post","link":"https:\/\/www.ecletismomusical.pt\/en\/porque-os-sonhos-comandam-a-vida\/","title":{"rendered":"Porque os sonhos comandam a vida&#8230;"},"content":{"rendered":"<p><a href=\"http:\/\/www.nenadaconte.com\/\"><img style=\"width: 255px;height: 237px\" src=\"http:\/\/www.itsaso.com\/imatges\/daconte.jpg\" height=\"260\" width=\"283\" \/><\/a><\/p>\n<div><span style=\"font-family:arial\">Esta \u00e9 a hist\u00f3ria ver\u00eddica de <strong>Mai Maneses<\/strong>, madrilena que, apesar da sua licenciatura em Direito, tinha um sonho &#8211; ser cantora. Para tal resolveu concorrer \u00e0 <strong>2\u00aa edi\u00e7\u00e3o da OT<\/strong> (Opera\u00e7\u00e3o Triunfo) espanhola, que se realizou em 2002. Este formato, tamb\u00e9m j\u00e1 implementado por c\u00e1, teve um estrondoso sucesso em <strong>Espanha<\/strong>, particularmente na sua 1\u00aa Edi\u00e7\u00e3o, resultando dela o aparecimento de alguns nomes que se tornaram em refer\u00eancias no universo musical espanhol, pelo menos no que diz respeito ao n\u00famero de exemplares vendidos.<\/p>\n<p>Acontece que, a <strong>2\u00aa edi\u00e7\u00e3o da OT<\/strong> teve uma repercuss\u00e3o menos esmagadora, tendo no entanto, dado a conhecer dois ou tr\u00eas nomes que t\u00eam vindo a alcan\u00e7ar algum sucesso. No entanto, na referida edi\u00e7\u00e3o, a protagonista da nossa hist\u00f3ria &#8211; <strong>Mai Meneses<\/strong>, foi basicamente considerada &#8220;o patinho feio&#8221; da Academia, tendo sido a 1\u00aa concorrente a ser eliminada.<\/p>\n<p>Sucede que, enquanto estava na &#8220;Academia&#8221; Mai sonhava com cantar a m\u00fasica que podemos ouvir no video, para um <strong>Santiago Barnabeu<\/strong> cheio.<br \/><\/span><span style=\"font-family:arial\">Todos a chamaram de &#8220;doida&#8221;. Em 2006, <\/span><strong style=\"font-family: arial\">Mai Meneses<\/strong><span style=\"font-family:arial\"> lan\u00e7ou juntamente com Kim Fanlo, um trabalho sob o nome de \u00ab<\/span><strong style=\"font-family: arial\">Nena Daconte<\/strong><span style=\"font-family:arial\">\u00bb, sendo que um dos principais singles, chegou ao <\/span><strong style=\"font-family: arial\">n\u00ba 1 do top espanhol<\/strong><span style=\"font-family:arial\"> durante v\u00e1rias semanas. Um \u00e1lbum pop de grande m\u00e9rito, muito &#8220;pegadizo&#8221;! A m\u00fasica \u00e9 esta:<\/span><br \/><strong style=\"font-family: arial\">Idiota &#8211; Nena Daconte<\/strong><br \/><\/p>\n<p><span style=\"font-family:arial\">Quem ser\u00e3o os verdadeiros idiotas? Que validade\/autoridade tem algu\u00e9m para julgar o talento dos outros? Os sonhos ser\u00e3o sempre poss\u00edveis mesmo que se riam deles? Enfim, algumas reflex\u00f5es interessantes.<\/span><\/p>\n<p>Parab\u00e9ns Mai! <\/p><\/div>","protected":false},"excerpt":{"rendered":"<p>Esta \u00e9 a hist\u00f3ria ver\u00eddica de Mai Maneses, madrilena que, apesar da sua licenciatura em Direito, tinha um sonho &#8211; ser cantora. Para tal resolveu concorrer \u00e0 2\u00aa edi\u00e7\u00e3o da OT (Opera\u00e7\u00e3o Triunfo) espanhola, que se realizou em 2002. Este formato, tamb\u00e9m j\u00e1 implementado por c\u00e1, teve um estrondoso sucesso em Espanha, particularmente na sua<\/p>","protected":false},"author":1,"featured_media":0,"comment_status":"open","ping_status":"open","sticky":false,"template":"","format":"standard","meta":[],"categories":[1],"tags":[],"_links":{"self":[{"href":"https:\/\/www.ecletismomusical.pt\/en\/wp-json\/wp\/v2\/posts\/829"}],"collection":[{"href":"https:\/\/www.ecletismomusical.pt\/en\/wp-json\/wp\/v2\/posts"}],"about":[{"href":"https:\/\/www.ecletismomusical.pt\/en\/wp-json\/wp\/v2\/types\/post"}],"author":[{"embeddable":true,"href":"https:\/\/www.ecletismomusical.pt\/en\/wp-json\/wp\/v2\/users\/1"}],"replies":[{"embeddable":true,"href":"https:\/\/www.ecletismomusical.pt\/en\/wp-json\/wp\/v2\/comments?post=829"}],"version-history":[{"count":0,"href":"https:\/\/www.ecletismomusical.pt\/en\/wp-json\/wp\/v2\/posts\/829\/revisions"}],"wp:attachment":[{"href":"https:\/\/www.ecletismomusical.pt\/en\/wp-json\/wp\/v2\/media?parent=829"}],"wp:term":[{"taxonomy":"category","embeddable":true,"href":"https:\/\/www.ecletismomusical.pt\/en\/wp-json\/wp\/v2\/categories?post=829"},{"taxonomy":"post_tag","embeddable":true,"href":"https:\/\/www.ecletismomusical.pt\/en\/wp-json\/wp\/v2\/tags?post=829"}],"curies":[{"name":"wp","href":"https:\/\/api.w.org\/{rel}","templated":true}]}}