{"id":8291,"date":"2025-12-05T07:56:21","date_gmt":"2025-12-05T07:56:21","guid":{"rendered":"https:\/\/www.ecletismomusical.pt\/?p=8291"},"modified":"2025-12-05T07:56:31","modified_gmt":"2025-12-05T07:56:31","slug":"worth-listening-to-scalene-peguei-ar","status":"publish","type":"post","link":"https:\/\/www.ecletismomusical.pt\/en\/worth-listening-to-scalene-peguei-ar\/","title":{"rendered":"[Worth Listening to] Scalene &#8211; Peguei Ar"},"content":{"rendered":"<p><a href=\"https:\/\/www.instagram.com\/bandascalene\/\">Scalene<\/a> s\u00e3o uma banda brasileira nascida em Bras\u00edlia, que carrega no nome a ang\u00fastia e a esperan\u00e7a de quem apesar de ser desigual j\u00e1 viu ru\u00ednas e decidiu reconstruir-se. Com a vida feita de riffs marcados, letras que respiram dor e desejo, decidiram voltar [O Ecletismo Musical j\u00e1 os <a href=\"https:\/\/www.ecletismomusical.pt\/en\/new-singles-scalene-vai-ver-furta-cor\/?swcfpc=1\">havia destacado<\/a> em 2019] debaixo dos escombros. <\/p>\n\n\n\n<div class=\"wp-block-embed__wrapper\">\n<iframe width=\"900\" height=\"675\" src=\"https:\/\/www.youtube.com\/embed\/CsUPf_B_KNc?feature=oembed\" frameborder=\"0\" allowfullscreen><\/iframe>\n<\/div>\n\n\n\n<p>&#8220;Peguei Ar&#8221; surge como esse recome\u00e7o e o pr\u00f3prio t\u00edtulo j\u00e1 se apresenta como um ato de sobreviv\u00eancia dentro da tempestade. A can\u00e7\u00e3o \u00e9 acompanhada por um videoclip filmado em pel\u00edcula anal\u00f3gica (35 mm), apostando numa est\u00e9tica de mem\u00f3ria: granula\u00e7\u00e3o, ru\u00eddo, textura f\u00edsica do som e da imagem.<\/p>\n\n\n\n<div class=\"wp-block-embed__wrapper\">\n<iframe style=\"border-radius: 12px\" width=\"100%\" height=\"352\" frameborder=\"0\" allowfullscreen src=\"https:\/\/open.spotify.com\/embed\/album\/7y6TgAk5wRslzHJ3K1oQhE?si=imX-xNrqQdiVRoBD4w8nQg&#038;utm_source=oembed\"><\/iframe>\n<\/div>","protected":false},"excerpt":{"rendered":"<p>Scalene s\u00e3o uma banda brasileira nascida em Bras\u00edlia, que carrega no nome a ang\u00fastia e a esperan\u00e7a de quem apesar de ser desigual j\u00e1 viu ru\u00ednas e decidiu reconstruir-se. Com a vida feita de riffs marcados, letras que respiram dor e desejo, decidiram voltar [O Ecletismo Musical j\u00e1 os havia destacado em 2019] debaixo dos<\/p>","protected":false},"author":1,"featured_media":8292,"comment_status":"open","ping_status":"open","sticky":false,"template":"","format":"standard","meta":[],"categories":[1,26,30],"tags":[854,115],"_links":{"self":[{"href":"https:\/\/www.ecletismomusical.pt\/en\/wp-json\/wp\/v2\/posts\/8291"}],"collection":[{"href":"https:\/\/www.ecletismomusical.pt\/en\/wp-json\/wp\/v2\/posts"}],"about":[{"href":"https:\/\/www.ecletismomusical.pt\/en\/wp-json\/wp\/v2\/types\/post"}],"author":[{"embeddable":true,"href":"https:\/\/www.ecletismomusical.pt\/en\/wp-json\/wp\/v2\/users\/1"}],"replies":[{"embeddable":true,"href":"https:\/\/www.ecletismomusical.pt\/en\/wp-json\/wp\/v2\/comments?post=8291"}],"version-history":[{"count":1,"href":"https:\/\/www.ecletismomusical.pt\/en\/wp-json\/wp\/v2\/posts\/8291\/revisions"}],"predecessor-version":[{"id":8293,"href":"https:\/\/www.ecletismomusical.pt\/en\/wp-json\/wp\/v2\/posts\/8291\/revisions\/8293"}],"wp:featuredmedia":[{"embeddable":true,"href":"https:\/\/www.ecletismomusical.pt\/en\/wp-json\/wp\/v2\/media\/8292"}],"wp:attachment":[{"href":"https:\/\/www.ecletismomusical.pt\/en\/wp-json\/wp\/v2\/media?parent=8291"}],"wp:term":[{"taxonomy":"category","embeddable":true,"href":"https:\/\/www.ecletismomusical.pt\/en\/wp-json\/wp\/v2\/categories?post=8291"},{"taxonomy":"post_tag","embeddable":true,"href":"https:\/\/www.ecletismomusical.pt\/en\/wp-json\/wp\/v2\/tags?post=8291"}],"curies":[{"name":"wp","href":"https:\/\/api.w.org\/{rel}","templated":true}]}}