{"id":8305,"date":"2025-12-06T15:25:00","date_gmt":"2025-12-06T15:25:00","guid":{"rendered":"https:\/\/www.ecletismomusical.pt\/?p=8305"},"modified":"2025-12-05T15:40:51","modified_gmt":"2025-12-05T15:40:51","slug":"npr-music-tiny-desk-concert-air","status":"publish","type":"post","link":"https:\/\/www.ecletismomusical.pt\/en\/npr-music-tiny-desk-concert-air\/","title":{"rendered":"[NPR Music Tiny Desk Concert] Air"},"content":{"rendered":"<p>Desde os anos 90, os franceses Nicolas Godin e Jean-Beno\u00eet Dunckel t\u00eam criado paisagens sonoras incontorn\u00e1veis. Vinte e sete anos depois de <strong>Moon Safari<\/strong>, os <a href=\"https:\/\/www.instagram.com\/airfrenchband\/\">Air <\/a>apresentam o seu <strong>NPR Music Tiny Desk Concert.<\/strong> E olhar para tr\u00e1s n\u00e3o parece um acto de nostalgia, mas de rever\u00eancia, como se quisessem lembrar a n\u00f3s pr\u00f3prios que ainda somos feitos de possibilidades e de respira\u00e7\u00f5es longas.<\/p>\n\n\n\n<div class=\"wp-block-embed__wrapper\">\n<iframe width=\"900\" height=\"506\" src=\"https:\/\/www.youtube.com\/embed\/jjuorGiEUS4?feature=oembed\" frameborder=\"0\" allowfullscreen><\/iframe>\n<\/div>\n\n\n\n<p><\/p>\n\n\n\n<p><\/p>","protected":false},"excerpt":{"rendered":"<p>Desde os anos 90, os franceses Nicolas Godin e Jean-Beno\u00eet Dunckel t\u00eam criado paisagens sonoras incontorn\u00e1veis. Vinte e sete anos depois de Moon Safari, os Air apresentam o seu NPR Music Tiny Desk Concert. E olhar para tr\u00e1s n\u00e3o parece um acto de nostalgia, mas de rever\u00eancia, como se quisessem lembrar a n\u00f3s pr\u00f3prios que<\/p>","protected":false},"author":1,"featured_media":8306,"comment_status":"open","ping_status":"open","sticky":false,"template":"","format":"standard","meta":[],"categories":[1,1046],"tags":[1120,339,907],"_links":{"self":[{"href":"https:\/\/www.ecletismomusical.pt\/en\/wp-json\/wp\/v2\/posts\/8305"}],"collection":[{"href":"https:\/\/www.ecletismomusical.pt\/en\/wp-json\/wp\/v2\/posts"}],"about":[{"href":"https:\/\/www.ecletismomusical.pt\/en\/wp-json\/wp\/v2\/types\/post"}],"author":[{"embeddable":true,"href":"https:\/\/www.ecletismomusical.pt\/en\/wp-json\/wp\/v2\/users\/1"}],"replies":[{"embeddable":true,"href":"https:\/\/www.ecletismomusical.pt\/en\/wp-json\/wp\/v2\/comments?post=8305"}],"version-history":[{"count":1,"href":"https:\/\/www.ecletismomusical.pt\/en\/wp-json\/wp\/v2\/posts\/8305\/revisions"}],"predecessor-version":[{"id":8307,"href":"https:\/\/www.ecletismomusical.pt\/en\/wp-json\/wp\/v2\/posts\/8305\/revisions\/8307"}],"wp:featuredmedia":[{"embeddable":true,"href":"https:\/\/www.ecletismomusical.pt\/en\/wp-json\/wp\/v2\/media\/8306"}],"wp:attachment":[{"href":"https:\/\/www.ecletismomusical.pt\/en\/wp-json\/wp\/v2\/media?parent=8305"}],"wp:term":[{"taxonomy":"category","embeddable":true,"href":"https:\/\/www.ecletismomusical.pt\/en\/wp-json\/wp\/v2\/categories?post=8305"},{"taxonomy":"post_tag","embeddable":true,"href":"https:\/\/www.ecletismomusical.pt\/en\/wp-json\/wp\/v2\/tags?post=8305"}],"curies":[{"name":"wp","href":"https:\/\/api.w.org\/{rel}","templated":true}]}}