{"id":8309,"date":"2025-12-08T10:48:56","date_gmt":"2025-12-08T10:48:56","guid":{"rendered":"https:\/\/www.ecletismomusical.pt\/?p=8309"},"modified":"2025-12-08T10:49:19","modified_gmt":"2025-12-08T10:49:19","slug":"worth-listening-to-grace-ives-my-mans","status":"publish","type":"post","link":"https:\/\/www.ecletismomusical.pt\/en\/worth-listening-to-grace-ives-my-mans\/","title":{"rendered":"[Worth Listening to] Grace Ives &#8211; My Mans"},"content":{"rendered":"<p><a href=\"https:\/\/www.instagram.com\/graceives4u\/\">Grace Ives<\/a> \u00e9 uma artista de pop alternativo \/ indie pop, conhecida por misturar sonoridades eletr\u00f3nicas com um vocal forte.<\/p>\n\n\n\n<p>Regressa com My Mans, uma can\u00e7\u00e3o que marca n\u00e3o apenas um novo ciclo art\u00edstico, mas tamb\u00e9m um renascimento pessoal. A faixa aparece conjuntamente com mais dois outros singles: \u201cAvalanche\u201d e \u201cDance With Me\u201d.<\/p>\n\n\n\n<div class=\"wp-block-embed__wrapper\">\n<iframe width=\"900\" height=\"506\" src=\"https:\/\/www.youtube.com\/embed\/LRgx1CVZN_s?feature=oembed\" frameborder=\"0\" allowfullscreen><\/iframe>\n<\/div>\n\n\n\n<p>Depois do \u00e1lbum de 2022, Janky Star, Grace Ives atravessou um per\u00edodo dif\u00edcil, descreve que passou por consumo, isolamento, crises pessoais e uma profunda sensa\u00e7\u00e3o de desorienta\u00e7\u00e3o.<\/p>\n\n\n\n<div class=\"wp-block-embed__wrapper\">\n<iframe style=\"border-radius: 12px\" width=\"100%\" height=\"152\" frameborder=\"0\" allowfullscreen src=\"https:\/\/open.spotify.com\/embed\/track\/4pZhtU5aZXZ2KCAD4k3P60?si=fa76ba904ba34d36&#038;utm_source=oembed\"><\/iframe>\n<\/div>","protected":false},"excerpt":{"rendered":"<p>Grace Ives \u00e9 uma artista de pop alternativo \/ indie pop, conhecida por misturar sonoridades eletr\u00f3nicas com um vocal forte. Regressa com My Mans, uma can\u00e7\u00e3o que marca n\u00e3o apenas um novo ciclo art\u00edstico, mas tamb\u00e9m um renascimento pessoal. A faixa aparece conjuntamente com mais dois outros singles: \u201cAvalanche\u201d e \u201cDance With Me\u201d. Depois do<\/p>","protected":false},"author":1,"featured_media":8310,"comment_status":"open","ping_status":"open","sticky":false,"template":"","format":"standard","meta":[],"categories":[1,1156,26,30],"tags":[1457,87,115],"_links":{"self":[{"href":"https:\/\/www.ecletismomusical.pt\/en\/wp-json\/wp\/v2\/posts\/8309"}],"collection":[{"href":"https:\/\/www.ecletismomusical.pt\/en\/wp-json\/wp\/v2\/posts"}],"about":[{"href":"https:\/\/www.ecletismomusical.pt\/en\/wp-json\/wp\/v2\/types\/post"}],"author":[{"embeddable":true,"href":"https:\/\/www.ecletismomusical.pt\/en\/wp-json\/wp\/v2\/users\/1"}],"replies":[{"embeddable":true,"href":"https:\/\/www.ecletismomusical.pt\/en\/wp-json\/wp\/v2\/comments?post=8309"}],"version-history":[{"count":1,"href":"https:\/\/www.ecletismomusical.pt\/en\/wp-json\/wp\/v2\/posts\/8309\/revisions"}],"predecessor-version":[{"id":8311,"href":"https:\/\/www.ecletismomusical.pt\/en\/wp-json\/wp\/v2\/posts\/8309\/revisions\/8311"}],"wp:featuredmedia":[{"embeddable":true,"href":"https:\/\/www.ecletismomusical.pt\/en\/wp-json\/wp\/v2\/media\/8310"}],"wp:attachment":[{"href":"https:\/\/www.ecletismomusical.pt\/en\/wp-json\/wp\/v2\/media?parent=8309"}],"wp:term":[{"taxonomy":"category","embeddable":true,"href":"https:\/\/www.ecletismomusical.pt\/en\/wp-json\/wp\/v2\/categories?post=8309"},{"taxonomy":"post_tag","embeddable":true,"href":"https:\/\/www.ecletismomusical.pt\/en\/wp-json\/wp\/v2\/tags?post=8309"}],"curies":[{"name":"wp","href":"https:\/\/api.w.org\/{rel}","templated":true}]}}