{"id":8314,"date":"2025-12-08T15:26:00","date_gmt":"2025-12-08T15:26:00","guid":{"rendered":"https:\/\/www.ecletismomusical.pt\/?p=8314"},"modified":"2025-12-08T11:27:18","modified_gmt":"2025-12-08T11:27:18","slug":"new-single-elmiene-cry-against-the-wind","status":"publish","type":"post","link":"https:\/\/www.ecletismomusical.pt\/en\/new-single-elmiene-cry-against-the-wind\/","title":{"rendered":"[New Single] Elmiene &#8211; Cry Against The Wind"},"content":{"rendered":"<p><a href=\"https:\/\/www.instagram.com\/elmiene\/\">Elmiene<\/a> tem vindo a firmar-se como uma das vozes mais promissoras da nova gera\u00e7\u00e3o de R&amp;B\/neo-soul. A sua carreira, marcada por EPs e mixtapes como \u201cHeat the Streets\u201d (2025), combina A sensibilidade vocal com uma est\u00e9tica que mistura soul tradicional com influ\u00eancias modernas. <\/p>\n\n\n\n<div class=\"wp-block-embed__wrapper\">\n<iframe width=\"900\" height=\"675\" src=\"https:\/\/www.youtube.com\/embed\/e4WFFY8JzgI?feature=oembed\" frameborder=\"0\" allowfullscreen><\/iframe>\n<\/div>\n\n\n\n<p>\u201cCry Against The Wind\u201d \u00e9 o seu single mais recente lan\u00e7ado e atrav\u00e9s dos selos Polydor \/ Def Jam Recordings.  A can\u00e7\u00e3o \u00e9 descrita por ele pr\u00f3prio como a sua obra mais vulner\u00e1vel at\u00e9 hoje, um retrato cru de culpa, dor e as cicatrizes de uma aus\u00eancia. \u00c9 sobre o peso emocional de uma rela\u00e7\u00e3o com o pai falecido, sobre mem\u00f3rias, remorsos e o amor complicado que perdura mesmo na aus\u00eancia.<\/p>\n\n\n\n<div class=\"wp-block-embed__wrapper\">\n<iframe style=\"border-radius: 12px\" width=\"100%\" height=\"152\" frameborder=\"0\" allowfullscreen src=\"https:\/\/open.spotify.com\/embed\/track\/0wzS6x5xC54yIeoOe9viGV?si=f5ac5e0a1d004d7f&#038;utm_source=oembed\"><\/iframe>\n<\/div>","protected":false},"excerpt":{"rendered":"<p>Elmiene tem vindo a firmar-se como uma das vozes mais promissoras da nova gera\u00e7\u00e3o de R&amp;B\/neo-soul. A sua carreira, marcada por EPs e mixtapes como \u201cHeat the Streets\u201d (2025), combina A sensibilidade vocal com uma est\u00e9tica que mistura soul tradicional com influ\u00eancias modernas. \u201cCry Against The Wind\u201d \u00e9 o seu single mais recente lan\u00e7ado e<\/p>","protected":false},"author":1,"featured_media":8317,"comment_status":"open","ping_status":"open","sticky":false,"template":"","format":"standard","meta":[],"categories":[1,26,30],"tags":[1458,87],"_links":{"self":[{"href":"https:\/\/www.ecletismomusical.pt\/en\/wp-json\/wp\/v2\/posts\/8314"}],"collection":[{"href":"https:\/\/www.ecletismomusical.pt\/en\/wp-json\/wp\/v2\/posts"}],"about":[{"href":"https:\/\/www.ecletismomusical.pt\/en\/wp-json\/wp\/v2\/types\/post"}],"author":[{"embeddable":true,"href":"https:\/\/www.ecletismomusical.pt\/en\/wp-json\/wp\/v2\/users\/1"}],"replies":[{"embeddable":true,"href":"https:\/\/www.ecletismomusical.pt\/en\/wp-json\/wp\/v2\/comments?post=8314"}],"version-history":[{"count":1,"href":"https:\/\/www.ecletismomusical.pt\/en\/wp-json\/wp\/v2\/posts\/8314\/revisions"}],"predecessor-version":[{"id":8316,"href":"https:\/\/www.ecletismomusical.pt\/en\/wp-json\/wp\/v2\/posts\/8314\/revisions\/8316"}],"wp:featuredmedia":[{"embeddable":true,"href":"https:\/\/www.ecletismomusical.pt\/en\/wp-json\/wp\/v2\/media\/8317"}],"wp:attachment":[{"href":"https:\/\/www.ecletismomusical.pt\/en\/wp-json\/wp\/v2\/media?parent=8314"}],"wp:term":[{"taxonomy":"category","embeddable":true,"href":"https:\/\/www.ecletismomusical.pt\/en\/wp-json\/wp\/v2\/categories?post=8314"},{"taxonomy":"post_tag","embeddable":true,"href":"https:\/\/www.ecletismomusical.pt\/en\/wp-json\/wp\/v2\/tags?post=8314"}],"curies":[{"name":"wp","href":"https:\/\/api.w.org\/{rel}","templated":true}]}}