{"id":832,"date":"2006-12-13T13:59:00","date_gmt":"2006-12-13T13:59:00","guid":{"rendered":"https:\/\/ecletismomusical.pt\/projecto-de-enorme-qualidade\/"},"modified":"2006-12-13T13:59:00","modified_gmt":"2006-12-13T13:59:00","slug":"projecto-de-enorme-qualidade","status":"publish","type":"post","link":"https:\/\/www.ecletismomusical.pt\/en\/projecto-de-enorme-qualidade\/","title":{"rendered":"Projecto de Enorme Qualidade"},"content":{"rendered":"<div><a href=\"http:\/\/www.cobradiscos.org\/\"><img height=\"202\" alt=\"\" src=\"http:\/\/photos1.blogger.com\/x\/blogger\/4808\/553\/320\/486172\/varios%20-%20acorda.jpg\" width=\"221\" \/><\/a><br \/><span style=\"font-family:arial\"><a href=\"http:\/\/www.cobradiscos.org\/\">V\/A<\/a> &#8211; <a href=\"http:\/\/www.cdgo.com\/artigoDetalhe.php?idArtigo=3392112\">Acorda! Nova M\u00fasica Portuguesa Em MP3 <\/a><br \/><img src=\"http:\/\/images-eu.amazon.com\/images\/G\/02\/detail\/stars-4-0.gif\" \/><\/p>\n<p><\/span><span style=\"font-family:arial;font-size:85%\"><em>\u00abNOVA MUSICA PORTUGUESA EM MP3 &gt; 60 Bandas &gt; 120 Temas<\/p>\n<p>Acorda! \u00e9 a mais exaustiva recolha de m\u00fasica popular urbana alguma vez realizada em Portugal, compondo um pamorama geral e concreto do estado de creatividade musical da nov\u00edssima gera\u00e7\u00e3o de musicos portugueses &#8211; do que realmente se est\u00e1 a fazer nas garagens, caves, clubes de bairro, festas privadas, em suma, na clandestinidade, longe dos holofotes dos m\u00e9dia e dos planos de marketing da ind\u00fastria fonogr\u00e1frica &#8211; e tra\u00e7ando pistas do que poder\u00e1 vir a ser o futuro: porque, n\u00e3o tenhamos d\u00favidas, muitas das sessenta propostas aqui apresentadas ser\u00e3o os nomes de amanh\u00e3, aqueles que todos falar\u00e3o e que ir\u00e3o contribuir para a banda sonora do nosso quotodiano &#8211; venha descobri-los!&#8230;<\/p>\n<p>Uma ideia de Henrique Amaro em colabora\u00e7\u00e3o com a COBRA DISCOS.\u00bb <\/em>In <a href=\"http:\/\/www.cdgo.com\/artigoDetalhe.php?idArtigo=3392112\">cdgo.com<\/a><\/span><\/div>\n<div><span style=\"font-family:Arial;font-size:85%\"><\/span><\/div>\n<div><span style=\"font-family:Arial;font-size:85%\">Trabalho que pretende ainda apoiar o Servi\u00e7o de Pediatria do Instituto Portugu\u00eas de Oncologia de Lisboa atrav\u00e9s da doa\u00e7\u00e3o de 5 euros por cada CD vendido.<\/span><\/p>\n<p>Linda Martini &#8211; Amor Combate<br \/> <\/div>","protected":false},"excerpt":{"rendered":"<p>V\/A &#8211; Acorda! Nova M\u00fasica Portuguesa Em MP3 \u00abNOVA MUSICA PORTUGUESA EM MP3 &gt; 60 Bandas &gt; 120 Temas Acorda! \u00e9 a mais exaustiva recolha de m\u00fasica popular urbana alguma vez realizada em Portugal, compondo um pamorama geral e concreto do estado de creatividade musical da nov\u00edssima gera\u00e7\u00e3o de musicos portugueses &#8211; do que realmente<\/p>","protected":false},"author":1,"featured_media":0,"comment_status":"open","ping_status":"open","sticky":false,"template":"","format":"standard","meta":[],"categories":[1],"tags":[],"_links":{"self":[{"href":"https:\/\/www.ecletismomusical.pt\/en\/wp-json\/wp\/v2\/posts\/832"}],"collection":[{"href":"https:\/\/www.ecletismomusical.pt\/en\/wp-json\/wp\/v2\/posts"}],"about":[{"href":"https:\/\/www.ecletismomusical.pt\/en\/wp-json\/wp\/v2\/types\/post"}],"author":[{"embeddable":true,"href":"https:\/\/www.ecletismomusical.pt\/en\/wp-json\/wp\/v2\/users\/1"}],"replies":[{"embeddable":true,"href":"https:\/\/www.ecletismomusical.pt\/en\/wp-json\/wp\/v2\/comments?post=832"}],"version-history":[{"count":0,"href":"https:\/\/www.ecletismomusical.pt\/en\/wp-json\/wp\/v2\/posts\/832\/revisions"}],"wp:attachment":[{"href":"https:\/\/www.ecletismomusical.pt\/en\/wp-json\/wp\/v2\/media?parent=832"}],"wp:term":[{"taxonomy":"category","embeddable":true,"href":"https:\/\/www.ecletismomusical.pt\/en\/wp-json\/wp\/v2\/categories?post=832"},{"taxonomy":"post_tag","embeddable":true,"href":"https:\/\/www.ecletismomusical.pt\/en\/wp-json\/wp\/v2\/tags?post=832"}],"curies":[{"name":"wp","href":"https:\/\/api.w.org\/{rel}","templated":true}]}}