{"id":8325,"date":"2025-12-09T10:52:38","date_gmt":"2025-12-09T10:52:38","guid":{"rendered":"https:\/\/www.ecletismomusical.pt\/?p=8325"},"modified":"2025-12-09T10:53:24","modified_gmt":"2025-12-09T10:53:24","slug":"worth-listening-to-pedro-mizutani-dia-azul","status":"publish","type":"post","link":"https:\/\/www.ecletismomusical.pt\/en\/worth-listening-to-pedro-mizutani-dia-azul\/","title":{"rendered":"[Worth Listening to] Pedro Mizutani &#8211; Dia Azul"},"content":{"rendered":"<p>O azul em <a href=\"https:\/\/www.instagram.com\/pedromizutanif\/\">Pedro Mizutani<\/a> \u00e9 demora, \u00e9 delicadeza e aquela claridade que existe quando a vida decide abrandar para que possamos enfim ouvir o que est\u00e1 por dentro. Em <em>Dia Azul<\/em>, ele regressa a essa simplicidade que tem vindo a construir, onde cada palavra parece pousada com o cuidado de quem sabe que a vulnerabilidade pode ser, afinal, o lugar mais luminoso do mundo. <\/p>\n\n\n\n<div class=\"wp-block-embed__wrapper\">\n<iframe width=\"900\" height=\"675\" src=\"https:\/\/www.youtube.com\/embed\/r2mZOjhduYM?feature=oembed\" frameborder=\"0\" allowfullscreen><\/iframe>\n<\/div>\n\n\n\n<p><em>Dia Azul<\/em> nesta vers\u00e3o ac\u00fastica n\u00e3o promete salva\u00e7\u00e3o, mas oferece companhia. E faz-nos lembrar que \u00e0s vezes basta isto: um dia azul, mesmo que breve, para voltarmos a acreditar que ainda h\u00e1 espa\u00e7o para o que sentimos.<\/p>\n\n\n\n<div class=\"wp-block-embed__wrapper\">\n<iframe style=\"border-radius: 12px\" width=\"100%\" height=\"152\" frameborder=\"0\" allowfullscreen src=\"https:\/\/open.spotify.com\/embed\/track\/5qP6czxvzVk5rWni8RNQKc?si=2094d97f294d4a21&#038;utm_source=oembed\"><\/iframe>\n<\/div>","protected":false},"excerpt":{"rendered":"<p>O azul em Pedro Mizutani \u00e9 demora, \u00e9 delicadeza e aquela claridade que existe quando a vida decide abrandar para que possamos enfim ouvir o que est\u00e1 por dentro. Em Dia Azul, ele regressa a essa simplicidade que tem vindo a construir, onde cada palavra parece pousada com o cuidado de quem sabe que a<\/p>","protected":false},"author":1,"featured_media":8326,"comment_status":"open","ping_status":"open","sticky":false,"template":"","format":"standard","meta":[],"categories":[598,1,26,30],"tags":[87,1459,115],"_links":{"self":[{"href":"https:\/\/www.ecletismomusical.pt\/en\/wp-json\/wp\/v2\/posts\/8325"}],"collection":[{"href":"https:\/\/www.ecletismomusical.pt\/en\/wp-json\/wp\/v2\/posts"}],"about":[{"href":"https:\/\/www.ecletismomusical.pt\/en\/wp-json\/wp\/v2\/types\/post"}],"author":[{"embeddable":true,"href":"https:\/\/www.ecletismomusical.pt\/en\/wp-json\/wp\/v2\/users\/1"}],"replies":[{"embeddable":true,"href":"https:\/\/www.ecletismomusical.pt\/en\/wp-json\/wp\/v2\/comments?post=8325"}],"version-history":[{"count":1,"href":"https:\/\/www.ecletismomusical.pt\/en\/wp-json\/wp\/v2\/posts\/8325\/revisions"}],"predecessor-version":[{"id":8327,"href":"https:\/\/www.ecletismomusical.pt\/en\/wp-json\/wp\/v2\/posts\/8325\/revisions\/8327"}],"wp:featuredmedia":[{"embeddable":true,"href":"https:\/\/www.ecletismomusical.pt\/en\/wp-json\/wp\/v2\/media\/8326"}],"wp:attachment":[{"href":"https:\/\/www.ecletismomusical.pt\/en\/wp-json\/wp\/v2\/media?parent=8325"}],"wp:term":[{"taxonomy":"category","embeddable":true,"href":"https:\/\/www.ecletismomusical.pt\/en\/wp-json\/wp\/v2\/categories?post=8325"},{"taxonomy":"post_tag","embeddable":true,"href":"https:\/\/www.ecletismomusical.pt\/en\/wp-json\/wp\/v2\/tags?post=8325"}],"curies":[{"name":"wp","href":"https:\/\/api.w.org\/{rel}","templated":true}]}}